{"id":99797,"date":"2017-01-07T01:01:51","date_gmt":"2017-01-07T03:01:51","guid":{"rendered":"https:\/\/historiadofutebol.com\/blog\/?p=99797"},"modified":"2017-01-07T01:03:09","modified_gmt":"2017-01-07T03:03:09","slug":"esporte-clube-sao-joao-casimiro-de-abreu-rj-duas-edicoes-na-terceirona-carioca","status":"publish","type":"post","link":"https:\/\/historiadofutebol.com\/blog\/?p=99797","title":{"rendered":"Esporte Clube S\u00e3o Jo\u00e3o &#8211; Casimiro de Abreu (RJ): Duas edi\u00e7\u00f5es na Terceirona Carioca"},"content":{"rendered":"<p><img loading=\"lazy\" decoding=\"async\" class=\"aligncenter size-large wp-image-99798\" title=\"00\" src=\"https:\/\/historiadofutebol.com\/blog\/wp-content\/uploads\/2017\/01\/006-500x315.jpg\" alt=\"\" width=\"500\" height=\"315\" srcset=\"https:\/\/historiadofutebol.com\/blog\/wp-content\/uploads\/2017\/01\/006-500x315.jpg 500w, https:\/\/historiadofutebol.com\/blog\/wp-content\/uploads\/2017\/01\/006-300x189.jpg 300w, https:\/\/historiadofutebol.com\/blog\/wp-content\/uploads\/2017\/01\/006.jpg 1064w\" sizes=\"auto, (max-width: 500px) 100vw, 500px\" \/><\/p>\n<p>O <strong>Esporte Clube S\u00e3o Jo\u00e3o <\/strong>\u00e9 uma agremia\u00e7\u00e3o esportiva do Munic\u00edpio de Casimiro de Abreu (RJ). <strong>Fundado no dia 23 de Junho de 1928<\/strong>, a sua <strong><em>Sede<\/em><\/strong> fica localizado no <em>Distrito de Barra de S\u00e3o Jo\u00e3o, em Casimiro de Abreu<\/em>. O seu <strong><em>Est\u00e1dio<\/em><\/strong> \u00e9 o <strong><em>Jo\u00e3o Canuto, o &#8216;Canut\u00e3o&#8217;<\/em><\/strong>.<\/p>\n<p>Sessenta anos ap\u00f3s o seu surgimento, o <strong>S\u00e3o Jo\u00e3o<\/strong> debutou no futebol profissional, quando disputou o <strong><em>Campeonato Carioca da Terceira Divis\u00e3o de 1988<\/em><\/strong>. Faz boa campanha e chega quase \u00e0 semifinal, mas acaba eliminado.<\/p>\n<p>Na primeira fase, em sua chave, termina em terceiro, atr\u00e1s do <strong><em>Uni\u00e3o Nacional Futebol Clube<\/em><\/strong> e <strong><em>Associa\u00e7\u00e3o Esportiva XV de Novembro<\/em><\/strong>. Na segunda acaba eliminado ao perder a vaga para o <strong><em>Cantagalo Esporte Clube<\/em><\/strong>.<\/p>\n<p>Em <strong><em>1989<\/em><\/strong>, disputa pela segunda e \u00faltima vez a <strong><em>Terceirona<\/em><\/strong>. Mas, fica apenas em sexto lugar no seu grupo na fase inicial e \u00e9 eliminado precocemente. Ap\u00f3s essas duas participa\u00e7\u00f5es, o clube encerra o seu ciclo nas competi\u00e7\u00f5es de \u00e2mbito profissional.<\/p>\n<p>Possui as cores verde e branco. Encontra-se atualmente inativo em suas pr\u00e1ticas esportivas. N\u00e3o deve ser confundido com o <strong><em>S\u00e3o Jo\u00e3o da Barra Futebol Clube<\/em><\/strong> ou o <strong><em>Esporte Clube S\u00e3o Jo\u00e3o da Barra<\/em><\/strong>, outra agremia\u00e7\u00e3o que ora freq\u00fcenta os campeonatos das divis\u00f5es menores do futebol do Rio de Janeiro.<\/p>\n<p>&nbsp;<\/p>\n<p><strong><em>FONTES: <\/em><\/strong><em>Arquivo Pessoal &#8211; Wikip\u00e9dia<strong> <\/strong><\/em><\/p>\n","protected":false},"excerpt":{"rendered":"<p>O Esporte Clube S\u00e3o Jo\u00e3o \u00e9 uma agremia\u00e7\u00e3o esportiva do Munic\u00edpio de Casimiro de Abreu (RJ). Fundado no dia 23 de Junho de 1928, a sua Sede fica localizado no Distrito de Barra de S\u00e3o Jo\u00e3o, em Casimiro de Abreu. O seu Est\u00e1dio \u00e9 o Jo\u00e3o Canuto, o &#8216;Canut\u00e3o&#8217;. Sessenta anos ap\u00f3s o seu surgimento, [&hellip;]<\/p>\n","protected":false},"author":55,"featured_media":0,"comment_status":"open","ping_status":"closed","sticky":false,"template":"","format":"standard","meta":{"footnotes":""},"categories":[203,59,3,47,76],"tags":[],"class_list":["post-99797","post","type-post","status-publish","format-standard","hentry","category-sergio-mello","category-escudos","category-historia-do-futebol","category-rio-de-janeiro","category-antigo-estado-do-rio"],"_links":{"self":[{"href":"https:\/\/historiadofutebol.com\/blog\/index.php?rest_route=\/wp\/v2\/posts\/99797","targetHints":{"allow":["GET"]}}],"collection":[{"href":"https:\/\/historiadofutebol.com\/blog\/index.php?rest_route=\/wp\/v2\/posts"}],"about":[{"href":"https:\/\/historiadofutebol.com\/blog\/index.php?rest_route=\/wp\/v2\/types\/post"}],"author":[{"embeddable":true,"href":"https:\/\/historiadofutebol.com\/blog\/index.php?rest_route=\/wp\/v2\/users\/55"}],"replies":[{"embeddable":true,"href":"https:\/\/historiadofutebol.com\/blog\/index.php?rest_route=%2Fwp%2Fv2%2Fcomments&post=99797"}],"version-history":[{"count":3,"href":"https:\/\/historiadofutebol.com\/blog\/index.php?rest_route=\/wp\/v2\/posts\/99797\/revisions"}],"predecessor-version":[{"id":99800,"href":"https:\/\/historiadofutebol.com\/blog\/index.php?rest_route=\/wp\/v2\/posts\/99797\/revisions\/99800"}],"wp:attachment":[{"href":"https:\/\/historiadofutebol.com\/blog\/index.php?rest_route=%2Fwp%2Fv2%2Fmedia&parent=99797"}],"wp:term":[{"taxonomy":"category","embeddable":true,"href":"https:\/\/historiadofutebol.com\/blog\/index.php?rest_route=%2Fwp%2Fv2%2Fcategories&post=99797"},{"taxonomy":"post_tag","embeddable":true,"href":"https:\/\/historiadofutebol.com\/blog\/index.php?rest_route=%2Fwp%2Fv2%2Ftags&post=99797"}],"curies":[{"name":"wp","href":"https:\/\/api.w.org\/{rel}","templated":true}]}}