{"id":99663,"date":"2016-12-22T16:26:59","date_gmt":"2016-12-22T18:26:59","guid":{"rendered":"https:\/\/historiadofutebol.com\/blog\/?p=99663"},"modified":"2023-02-15T22:29:52","modified_gmt":"2023-02-16T01:29:52","slug":"sociedade-sportiva-linhas-e-cabos-sao-paulo-sp-tres-edicoes-na-segundona-paulista","status":"publish","type":"post","link":"https:\/\/historiadofutebol.com\/blog\/?p=99663","title":{"rendered":"Sociedade Sportiva Linhas e Cabos &#8211; S\u00e3o Paulo (SP): Tr\u00eas edi\u00e7\u00f5es na Segundona Paulista"},"content":{"rendered":"<p><img loading=\"lazy\" decoding=\"async\" class=\"aligncenter size-large wp-image-99664\" title=\"001\" src=\"https:\/\/historiadofutebol.com\/blog\/wp-content\/uploads\/2016\/12\/00115-500x320.jpg\" alt=\"\" width=\"500\" height=\"320\" srcset=\"https:\/\/historiadofutebol.com\/blog\/wp-content\/uploads\/2016\/12\/00115-500x320.jpg 500w, https:\/\/historiadofutebol.com\/blog\/wp-content\/uploads\/2016\/12\/00115-300x192.jpg 300w, https:\/\/historiadofutebol.com\/blog\/wp-content\/uploads\/2016\/12\/00115.jpg 958w\" sizes=\"auto, (max-width: 500px) 100vw, 500px\" \/><\/p>\n<p>A <strong>Sociedade Sportiva Linhas e Cabos<\/strong> foi uma agremia\u00e7\u00e3o da cidade de S\u00e3o Paulo (SP). <strong>Fundado dia 17 de Setembro de 1920<\/strong>, por funcion\u00e1rios do setor de instala\u00e7\u00e3o e manuten\u00e7\u00e3o dos cabos el\u00e9tricos da Companhia <strong><em>Light: <\/em><\/strong><strong><em>a Light &amp; Power (atual: AES Eletropaulo)<\/em><\/strong>.<\/p>\n<p><img loading=\"lazy\" decoding=\"async\" class=\"aligncenter size-full wp-image-99670\" title=\"7\" src=\"https:\/\/historiadofutebol.com\/blog\/wp-content\/uploads\/2016\/12\/7.jpg\" alt=\"\" width=\"892\" height=\"1888\" srcset=\"https:\/\/historiadofutebol.com\/blog\/wp-content\/uploads\/2016\/12\/7.jpg 892w, https:\/\/historiadofutebol.com\/blog\/wp-content\/uploads\/2016\/12\/7-236x500.jpg 236w, https:\/\/historiadofutebol.com\/blog\/wp-content\/uploads\/2016\/12\/7-300x634.jpg 300w\" sizes=\"auto, (max-width: 892px) 100vw, 892px\" \/><\/p>\n<p><strong>PRA\u00c7A DE ESPORTES<\/strong><\/p>\n<p>O seu primeiro campo, nos anos 20, ficava localizada na <strong><em>Rua Glycerio, n\u00ba 24<\/em><\/strong>. Na d\u00e9cada seguinte a sua da <strong><em>Pra\u00e7a de Esportes<\/em><\/strong> passou para a <strong><em>Avenida do Estado, n\u00ba 10. Ambos ficavam no Bairro V\u00e1rzea do Glic\u00e9rio ou Baixada do Glic\u00e9rio &#8211; Centro de S\u00e3o Paulo (SP)<\/em><\/strong>.<\/p>\n<p><img loading=\"lazy\" decoding=\"async\" class=\"aligncenter size-large wp-image-99665\" title=\"002\" src=\"https:\/\/historiadofutebol.com\/blog\/wp-content\/uploads\/2016\/12\/00214-500x318.jpg\" alt=\"\" width=\"500\" height=\"318\" srcset=\"https:\/\/historiadofutebol.com\/blog\/wp-content\/uploads\/2016\/12\/00214-500x318.jpg 500w, https:\/\/historiadofutebol.com\/blog\/wp-content\/uploads\/2016\/12\/00214-300x191.jpg 300w, https:\/\/historiadofutebol.com\/blog\/wp-content\/uploads\/2016\/12\/00214.jpg 960w\" sizes=\"auto, (max-width: 500px) 100vw, 500px\" \/><\/p>\n<p><strong>CORES<\/strong><\/p>\n<p>Na sua primeira d\u00e9cada de exist\u00eancia (anos 20), as suas cores era <strong><em>o vermelho e branco<\/em><\/strong> recebendo a alcunha de &#8220;<strong><em>Vermelhinhos<\/em><\/strong>&#8220;. J\u00e1 em meados da d\u00e9cada de 30, o clube com a nomenclatura aportuguesada <strong><em>(Sociedade Esportiva Linhas e Cabos)<\/em><\/strong> alterou as cores para <strong><em>alvinegro<\/em><\/strong>, sendo chamado diversas vezes como &#8220;<strong><em>Alvi-preto<\/em><\/strong>&#8220;.<\/p>\n<p><img loading=\"lazy\" decoding=\"async\" class=\"aligncenter size-full wp-image-99667\" title=\"04\" src=\"https:\/\/historiadofutebol.com\/blog\/wp-content\/uploads\/2016\/12\/045.jpg\" alt=\"\" width=\"520\" height=\"2268\" srcset=\"https:\/\/historiadofutebol.com\/blog\/wp-content\/uploads\/2016\/12\/045.jpg 520w, https:\/\/historiadofutebol.com\/blog\/wp-content\/uploads\/2016\/12\/045-300x1308.jpg 300w\" sizes=\"auto, (max-width: 520px) 100vw, 520px\" \/><\/p>\n<p><strong>SEVERINO GRAGGIANI: &#8216;O idealizador do 1\u00ba Jogo Noturno&#8217;<\/strong><\/p>\n<p>Falar da hist\u00f3ria de quase duas d\u00e9cadas e meia da <strong>Sociedade Sportiva Linhas e Cabos<\/strong> sem mencionar o nome do presidente <strong><em>Severino R\u00f4mulo Graggiani<\/em><\/strong> seria ignorar um fato hist\u00f3rico para o futebol paulista e qui\u00e7\u00e1 brasileiro.<\/p>\n<p>O fato de uma das alcunhas do clube ser chamado de o &#8220;<strong><em>Bando do interventor Severino<\/em><\/strong>&#8221; ou deste nobre homem ter at\u00e9 hoje um busto na Pra\u00e7a Charles Miller, diante do Est\u00e1dio do Pacaembu, diz que <strong><em>Severino R\u00f4mulo Graggiani<\/em><\/strong> teve um papel de destaque.<\/p>\n<p>Ele foi o idealizador e respons\u00e1vel pelo 1\u00ba jogo noturno realizado em S\u00e3o Paulo. A hist\u00f3ria come\u00e7ou em 1923. Era v\u00e9spera de S\u00e3o Jo\u00e3o. As fogueiras ardiam em muitos quintais e os bal\u00f5es pontilhavam o c\u00e9u ofuscando as estrelas.<\/p>\n<p>Mas n\u00e3o era s\u00f3 em fun\u00e7\u00e3o disto que o Cambuci estava mais iluminado que de costume, naquela <strong><em>noite fria de s\u00e1bado, no dia 23 de junho de 1923<\/em><\/strong>. Algo de novo acontecia: 22 homens disputavam uma bola de capot\u00e3o marrom em um campo rodeado por refletores acesos <em>(sob a ilumina\u00e7\u00e3o dos far\u00f3is de 20 bondes)<\/em>. Tratava-se do primeiro jogo de futebol noturno iluminado por luz el\u00e9trica.<\/p>\n<p>A id\u00e9ia partiu de Severino R\u00f4mulo Gragnani, funcion\u00e1rio da Light e membro da <strong>Sociedade Esportiva Linhas e Cabos<\/strong>, clube pertencente aos empregados da companhia canadense. Os pr\u00f3prios jogadores se encarregaram de instalar dez projetores de mil watts cada nas laterais do campo, a uma altura de 16 p\u00e9s, e dois refletores com 10 l\u00e2mpadas de cento e 50 watts em cada uma das extremidades, a uma altura de 25 p\u00e9s.<\/p>\n<p>Falecido em 1951, <strong><em>Severino R\u00f4mulo Gragnani<\/em><\/strong> foi postumamente homenageado &#8211; treze anos depois (1964), um busto de bronze, assentado sobre uma coluna de pedra, foi solenemente inaugurado na lateral esquerda do port\u00e3o principal do est\u00e1dio do Pacaembu.<\/p>\n<p>Por ironia, os lightianos apenas puderam comemorar o pioneirismo: a partida terminou com a vit\u00f3ria da <strong><em>Associa\u00e7\u00e3o Atl\u00e9tica Rep\u00fablica<\/em><\/strong> por <strong><em>2 a 1<\/em><\/strong>, na <strong><em>Pra\u00e7a de Esportes, na Rua Glycerio, n\u00ba 24, em V\u00e1rzea do Glic\u00e9rio, no Centro de S\u00e3o Paulo<\/em><\/strong>.<\/p>\n<p>Um segundo jogo noturno foi realizado na v\u00e9spera do natal de 1923, e nele verificou-se novamente um problema j\u00e1 ocorrido na primeira disputa: quando a bola, marrom (couro natural), sa\u00eda dos focos de luz, ficava dif\u00edcil encontr\u00e1-la.<\/p>\n<p>No embate seguinte, ocorrido em 12 de janeiro de 1924, um an\u00f4nimo componente da <strong><em>S. E. Linhas e Cabos<\/em><\/strong> deu uma ideia consagradora: pintar a bola de branco <em>(Por motivos desconhecidos, n\u00e3o se encontra at\u00e9 hoje o resultado dessas duas partidas)<\/em>.<\/p>\n<div id=\"attachment_99666\" style=\"width: 435px\" class=\"wp-caption aligncenter\"><img loading=\"lazy\" decoding=\"async\" aria-describedby=\"caption-attachment-99666\" class=\"size-full wp-image-99666\" title=\"04 1\" src=\"https:\/\/historiadofutebol.com\/blog\/wp-content\/uploads\/2016\/12\/04-1.jpg\" alt=\"\" width=\"425\" height=\"567\" srcset=\"https:\/\/historiadofutebol.com\/blog\/wp-content\/uploads\/2016\/12\/04-1.jpg 425w, https:\/\/historiadofutebol.com\/blog\/wp-content\/uploads\/2016\/12\/04-1-224x300.jpg 224w, https:\/\/historiadofutebol.com\/blog\/wp-content\/uploads\/2016\/12\/04-1-374x500.jpg 374w, https:\/\/historiadofutebol.com\/blog\/wp-content\/uploads\/2016\/12\/04-1-300x400.jpg 300w\" sizes=\"auto, (max-width: 425px) 100vw, 425px\" \/><p id=\"caption-attachment-99666\" class=\"wp-caption-text\">Busto de Severino Graggiani, na Pra\u00e7a Charles Miller, em frente do Pacaembu<\/p><\/div>\n<p><strong>TR\u00caS EDI\u00c7\u00d5ES NA SEGUNDONA PAULISTA<\/strong><\/p>\n<p>Em 1926, se filiou na <strong><em>Liga de Amadores de Football (LAF)<\/em><\/strong>. Ap\u00f3s um desentendimento com a LAF, a <strong>SS Linhas e Cabos<\/strong> acabou sendo exclu\u00edda. Assim, em julho de 1927, a <strong>SS Linhas e Cabos<\/strong> se filiou a <strong><em>Associa\u00e7\u00e3o Paulista de Esportes Athleticos (APEA)<\/em><\/strong>.<\/p>\n<p>Durante esse per\u00edodo, o clube participou de tr\u00eas edi\u00e7\u00f5es do <strong><em>Campeonato Paulista da Segunda Divis\u00e3o<\/em><\/strong>, nos anos de <strong><em>1926<\/em><\/strong>, <strong><em>1932<\/em><\/strong> e <strong><em>1933<\/em><\/strong>. A <strong>Sociedade Sportiva Linhas e Cabos<\/strong> sobreviveu at\u00e9 abril de 1943 quando encerrou suas atividades devido a despesas e diminui\u00e7\u00e3o de seus s\u00f3cios, o que tornava invi\u00e1vel a sua manuten\u00e7\u00e3o.<\/p>\n<p><img loading=\"lazy\" decoding=\"async\" class=\"aligncenter size-full wp-image-99668\" title=\"05 1\" src=\"https:\/\/historiadofutebol.com\/blog\/wp-content\/uploads\/2016\/12\/05-1.jpg\" alt=\"\" width=\"1472\" height=\"2696\" srcset=\"https:\/\/historiadofutebol.com\/blog\/wp-content\/uploads\/2016\/12\/05-1.jpg 1472w, https:\/\/historiadofutebol.com\/blog\/wp-content\/uploads\/2016\/12\/05-1-163x300.jpg 163w, https:\/\/historiadofutebol.com\/blog\/wp-content\/uploads\/2016\/12\/05-1-300x549.jpg 300w\" sizes=\"auto, (max-width: 1472px) 100vw, 1472px\" \/><\/p>\n<p><strong>OBSERVA\u00c7\u00c3O IMPORTANTE<\/strong><\/p>\n<p>At\u00e9 1939, o clube seguia sendo chamado de <strong>Sociedade Sportiva Linhas e Cabos<\/strong>. A<strong><em> Associa\u00e7\u00e3o Atl\u00e9tica Light &amp; Power<\/em><\/strong>, Fundada em Mar\u00e7o de 1930, j\u00e1 existia. Tendo, inclusive, enfrentado a <strong>SS Linhas e Cabos<\/strong>, <em>no dia 11 de mar\u00e7o de 1937<\/em>, em <strong><em>comemora\u00e7\u00e3o pelo s\u00e9timo anivers\u00e1rio<\/em><\/strong> da <strong><em>AA Light &amp; Power<\/em><\/strong>. Em resumo, at\u00e9 1939, n\u00e3o encontrei nenhum ind\u00edcio de que as duas equipes se fundiram.<\/p>\n<p><img loading=\"lazy\" decoding=\"async\" class=\"aligncenter size-full wp-image-99669\" title=\"6\" src=\"https:\/\/historiadofutebol.com\/blog\/wp-content\/uploads\/2016\/12\/6.jpg\" alt=\"\" width=\"494\" height=\"692\" srcset=\"https:\/\/historiadofutebol.com\/blog\/wp-content\/uploads\/2016\/12\/6.jpg 494w, https:\/\/historiadofutebol.com\/blog\/wp-content\/uploads\/2016\/12\/6-214x300.jpg 214w, https:\/\/historiadofutebol.com\/blog\/wp-content\/uploads\/2016\/12\/6-356x500.jpg 356w, https:\/\/historiadofutebol.com\/blog\/wp-content\/uploads\/2016\/12\/6-300x420.jpg 300w\" sizes=\"auto, (max-width: 494px) 100vw, 494px\" \/><\/p>\n<p><strong><em>Time base de 1926:<\/em><\/strong> <em>Adolpho; Zupallo e Ismenio; Gernymo, Vieira e Canhoto; Antonio, Perillo, Francisco, Pastoril e Albano.<\/em><\/p>\n<p><strong><em>Time base de 1937:<\/em><\/strong> <em>Jaguar\u00e9; Zez\u00e9 e Chaney; Messias, Maneco e Land\u00e9; Fil\u00f3, Tito, Francisquinho, Pancini e Sebasti\u00e3o.<\/em><\/p>\n<p><strong>&nbsp;<\/strong><\/p>\n<p><strong>&nbsp;<\/strong><strong><em>FONTES:<\/em><\/strong><em> Almanaque do Futebol Paulista de 2001, de autorias de Jorge Farah Neto e Rodolfo Kussarev Jr. &#8211; S\u00e3o Paulo Minha Cidade &#8211; Correio de S\u00e3o Paulo &#8211; Correio Paulistano&nbsp;<\/em><\/p>\n<p>&nbsp;<\/p>\n","protected":false},"excerpt":{"rendered":"<p>A Sociedade Sportiva Linhas e Cabos foi uma agremia\u00e7\u00e3o da cidade de S\u00e3o Paulo (SP). Fundado dia 17 de Setembro de 1920, por funcion\u00e1rios do setor de instala\u00e7\u00e3o e manuten\u00e7\u00e3o dos cabos el\u00e9tricos da Companhia Light: a Light &amp; Power (atual: AES Eletropaulo). PRA\u00c7A DE ESPORTES O seu primeiro campo, nos anos 20, ficava localizada [&hellip;]<\/p>\n","protected":false},"author":55,"featured_media":0,"comment_status":"open","ping_status":"closed","sticky":false,"template":"","format":"standard","meta":{"footnotes":""},"categories":[203,531,83,59,345,3,73,51],"tags":[],"class_list":["post-99663","post","type-post","status-publish","format-standard","hentry","category-sergio-mello","category-carencias","category-x9-curiosidades","category-escudos","category-fotos-historicas","category-historia-do-futebol","category-f5-clubes-e-suas-historias-nacional","category-sao-paulo"],"_links":{"self":[{"href":"https:\/\/historiadofutebol.com\/blog\/index.php?rest_route=\/wp\/v2\/posts\/99663","targetHints":{"allow":["GET"]}}],"collection":[{"href":"https:\/\/historiadofutebol.com\/blog\/index.php?rest_route=\/wp\/v2\/posts"}],"about":[{"href":"https:\/\/historiadofutebol.com\/blog\/index.php?rest_route=\/wp\/v2\/types\/post"}],"author":[{"embeddable":true,"href":"https:\/\/historiadofutebol.com\/blog\/index.php?rest_route=\/wp\/v2\/users\/55"}],"replies":[{"embeddable":true,"href":"https:\/\/historiadofutebol.com\/blog\/index.php?rest_route=%2Fwp%2Fv2%2Fcomments&post=99663"}],"version-history":[{"count":5,"href":"https:\/\/historiadofutebol.com\/blog\/index.php?rest_route=\/wp\/v2\/posts\/99663\/revisions"}],"predecessor-version":[{"id":129208,"href":"https:\/\/historiadofutebol.com\/blog\/index.php?rest_route=\/wp\/v2\/posts\/99663\/revisions\/129208"}],"wp:attachment":[{"href":"https:\/\/historiadofutebol.com\/blog\/index.php?rest_route=%2Fwp%2Fv2%2Fmedia&parent=99663"}],"wp:term":[{"taxonomy":"category","embeddable":true,"href":"https:\/\/historiadofutebol.com\/blog\/index.php?rest_route=%2Fwp%2Fv2%2Fcategories&post=99663"},{"taxonomy":"post_tag","embeddable":true,"href":"https:\/\/historiadofutebol.com\/blog\/index.php?rest_route=%2Fwp%2Fv2%2Ftags&post=99663"}],"curies":[{"name":"wp","href":"https:\/\/api.w.org\/{rel}","templated":true}]}}