{"id":99360,"date":"2016-12-13T18:34:40","date_gmt":"2016-12-13T20:34:40","guid":{"rendered":"https:\/\/historiadofutebol.com\/blog\/?p=99360"},"modified":"2016-12-13T20:22:41","modified_gmt":"2016-12-13T22:22:41","slug":"taca-de-prata-de-1983-ficha-tecnica-bonsucesso-rj-1-x-3-operario-ms","status":"publish","type":"post","link":"https:\/\/historiadofutebol.com\/blog\/?p=99360","title":{"rendered":"Ta\u00e7a de Prata de 1983 (ficha-t\u00e9cnica): Bonsucesso (RJ)  1  x  3   Oper\u00e1rio (MS)"},"content":{"rendered":"<p align=\"justify\"><span style=\"font-family: Arial,sans-serif;\"><span style=\"font-size: small;\"><em>Pela \u00faltima rodada do Grupo E, da ta\u00e7a de prata, o Bonsucesso encerrou a sua participa\u00e7\u00e3o com derrota. Jogando em Niter\u00f3i, acabou derrotado pelo Oper\u00e1rio (MS) por 3 a 1.<\/em><\/span><\/span><\/p>\n<table width=\"643\" cellspacing=\"0\" cellpadding=\"4\">\n<colgroup>\n<col width=\"165\" \/>\n<col width=\"57\" \/>\n<col width=\"18\" \/>\n<col width=\"15\" \/>\n<col width=\"18\" \/>\n<col width=\"320\" \/> <\/colgroup>\n<tbody>\n<tr>\n<td colspan=\"2\" width=\"229\">\n<p align=\"justify\"><span style=\"font-family: Arial,sans-serif;\"><span style=\"font-size: medium;\"><strong>BONSUCESSO F.C.<\/strong><\/span><\/span><\/p>\n<\/td>\n<td width=\"18\">\n<p align=\"justify\"><span style=\"font-family: Arial,sans-serif;\"><span style=\"font-size: medium;\"><strong>1<\/strong><\/span><\/span><\/p>\n<\/td>\n<td width=\"15\">\n<p align=\"justify\"><span style=\"font-family: Arial,sans-serif;\"><span style=\"font-size: medium;\"><strong>X<\/strong><\/span><\/span><\/p>\n<\/td>\n<td width=\"18\">\n<p align=\"justify\"><span style=\"font-family: Arial,sans-serif;\"><span style=\"font-size: medium;\"><strong>3<\/strong><\/span><\/span><\/p>\n<\/td>\n<td width=\"320\">\n<p align=\"justify\"><span style=\"font-family: Arial,sans-serif;\"><span style=\"font-size: medium;\"><strong>OPER\u00c1RIO F.C. (MS)<\/strong><\/span><\/span><\/p>\n<\/td>\n<\/tr>\n<tr>\n<td width=\"165\">\n<p align=\"justify\"><span style=\"font-family: Arial,sans-serif;\"><span style=\"font-size: medium;\"><strong>LOCAL:<\/strong><\/span><\/span><\/p>\n<\/td>\n<td colspan=\"5\" width=\"460\">\n<p align=\"justify\"><span style=\"font-family: Arial,sans-serif;\"><span style=\"font-size: small;\">Est\u00e1dio\u00a0<\/span><\/span><span style=\"font-family: Arial,sans-serif;\"><span style=\"font-size: small;\">Caio Martins, <\/span><\/span><span style=\"font-family: Arial,sans-serif;\"><span style=\"font-size: small;\">em <\/span><\/span><span style=\"font-family: Arial,sans-serif;\"><span style=\"font-size: small;\">Niter\u00f3i<\/span><\/span><span style=\"font-family: Arial,sans-serif;\"><span style=\"font-size: small;\"> (<\/span><\/span><span style=\"font-family: Arial,sans-serif;\"><span style=\"font-size: small;\">RJ<\/span><\/span><span style=\"font-family: Arial,sans-serif;\"><span style=\"font-size: small;\">)<\/span><\/span><\/p>\n<\/td>\n<\/tr>\n<tr>\n<td width=\"165\">\n<p align=\"justify\"><span style=\"font-family: Arial,sans-serif;\"><span style=\"font-size: medium;\"><strong>CAR\u00c1TER:<\/strong><\/span><\/span><\/p>\n<\/td>\n<td colspan=\"5\" width=\"460\">\n<p align=\"justify\"><span style=\"font-family: Arial,sans-serif;\"><span style=\"font-size: medium;\">\u00daltima rodada do Grupo E \u2013 Ta\u00e7a de Prata de 1983 <\/span><\/span><\/p>\n<\/td>\n<\/tr>\n<tr>\n<td width=\"165\">\n<p align=\"justify\"><span style=\"font-family: Arial,sans-serif;\"><span style=\"font-size: medium;\"><strong>DATA:<\/strong><\/span><\/span><\/p>\n<\/td>\n<td colspan=\"5\" width=\"460\">\n<p align=\"justify\"><span style=\"font-family: Arial,sans-serif;\"><span style=\"font-size: medium;\">Domingo, do dia 20 de Fevereiro de 1983<\/span><\/span><\/p>\n<\/td>\n<\/tr>\n<tr>\n<td width=\"165\">\n<p align=\"justify\"><span style=\"font-family: Arial,sans-serif;\"><span style=\"font-size: medium;\"><strong>RENDA:<\/strong><\/span><\/span><\/p>\n<\/td>\n<td colspan=\"5\" width=\"460\">\n<p align=\"justify\"><span style=\"font-family: Arial,sans-serif;\"><span style=\"font-size: medium;\">Cr$ 77.600,00<\/span><\/span><\/p>\n<\/td>\n<\/tr>\n<tr>\n<td width=\"165\">\n<p align=\"justify\"><span style=\"font-family: Arial,sans-serif;\"><span style=\"font-size: medium;\"><strong>P\u00daBLICO:<\/strong><\/span><\/span><\/p>\n<\/td>\n<td colspan=\"5\" width=\"460\">\n<p align=\"justify\"><span style=\"font-family: Arial,sans-serif;\"><span style=\"font-size: medium;\">212 pagantes<\/span><\/span><\/p>\n<\/td>\n<\/tr>\n<tr>\n<td width=\"165\">\n<p align=\"justify\"><span style=\"font-family: Arial,sans-serif;\"><span style=\"font-size: medium;\"><strong>\u00c1RBITRO:<\/strong><\/span><\/span><\/p>\n<\/td>\n<td colspan=\"5\" width=\"460\">\n<p align=\"justify\"><span style=\"font-family: Arial,sans-serif;\"><span style=\"font-size: medium;\">Dalmo Bozzano (CBF\/SC)<\/span><\/span><\/p>\n<\/td>\n<\/tr>\n<tr>\n<td width=\"165\">\n<p align=\"justify\"><span style=\"font-family: Arial,sans-serif;\"><span style=\"font-size: medium;\"><strong>BONSUCESSO F.C.:<\/strong><\/span><\/span><\/p>\n<\/td>\n<td colspan=\"5\" width=\"460\">\n<p align=\"justify\"><span style=\"font-family: Arial,sans-serif;\"><span style=\"font-size: medium;\">Marcelo<\/span><\/span><span style=\"font-family: Arial,sans-serif;\"><span style=\"font-size: medium;\">; <\/span><\/span><span style=\"font-family: Arial,sans-serif;\"><span style=\"font-size: medium;\">Paulinho,<\/span><\/span><span style=\"font-family: Arial,sans-serif;\"><span style=\"font-size: medium;\"> Osmar, <\/span><\/span><span style=\"font-family: Arial,sans-serif;\"><span style=\"font-size: medium;\">Edmundo<\/span><\/span><span style=\"font-family: Arial,sans-serif;\"><span style=\"font-size: medium;\"> e <\/span><\/span><span style=\"font-family: Arial,sans-serif;\"><span style=\"font-size: medium;\">Den\u00edlson<\/span><\/span><span style=\"font-family: Arial,sans-serif;\"><span style=\"font-size: medium;\">; Wilson, Edson <\/span><\/span><span style=\"font-family: Arial,sans-serif;\"><span style=\"font-size: medium;\">(Delacir)<\/span><\/span><span style=\"font-family: Arial,sans-serif;\"><span style=\"font-size: medium;\"> e Carlos Alberto; Maur\u00edcio, <\/span><\/span><span style=\"font-family: Arial,sans-serif;\"><span style=\"font-size: medium;\">Ne\u00edlson<\/span><\/span><span style=\"font-family: Arial,sans-serif;\"><span style=\"font-size: medium;\"> e Vasconcellos. <\/span><\/span><span style=\"font-family: Arial,sans-serif;\"><span style=\"font-size: medium;\"><strong>T\u00e9cnico:<\/strong><\/span><\/span><span style=\"font-family: Arial,sans-serif;\"><span style=\"font-size: medium;\"> Brito<\/span><\/span><\/p>\n<\/td>\n<\/tr>\n<tr>\n<td width=\"165\">\n<p align=\"justify\"><span style=\"font-family: Arial,sans-serif;\"><span style=\"font-size: medium;\"><strong>OPER\u00c1RIO (MS)<\/strong><\/span><\/span><\/p>\n<\/td>\n<td colspan=\"5\" width=\"460\">\n<p align=\"justify\"><span style=\"font-family: Arial,sans-serif;\"><span style=\"font-size: medium;\">Paul\u00e3o; Uchoa (Amarildo), Amauri, Ramiro e Jo\u00e3o Clovis; Garcia, Cl\u00e9ber e Pastoril; J\u00falio C\u00e9sar, lima e Cl\u00e9ber Ribeiro<\/span><\/span><span style=\"font-family: Arial,sans-serif;\"><span style=\"font-size: medium;\">.<\/span><\/span><span style=\"font-family: Arial,sans-serif;\"><span style=\"font-size: medium;\"><strong>T\u00e9cnico:<\/strong><\/span><\/span><span style=\"font-family: Arial,sans-serif;\"><span style=\"font-size: medium;\">Carlos Castilho<\/span><\/span><\/p>\n<\/td>\n<\/tr>\n<tr>\n<td width=\"165\">\n<p align=\"justify\"><span style=\"font-family: Arial,sans-serif;\"><span style=\"font-size: medium;\"><strong>GOLS:<\/strong><\/span><\/span><\/p>\n<\/td>\n<td colspan=\"5\" width=\"460\">\n<p align=\"justify\"><span style=\"font-family: Arial,sans-serif;\"><span style=\"font-size: medium;\">Wilson aos dois minutos (Bonsu\u00e7a); Lima aos 24 minutos (Oper\u00e1rio); no 1\u00ba Tempo. Lima aos seis e 34 minutos (Oper\u00e1rio); no 2\u00ba Tempo. <\/span><\/span><\/p>\n<\/td>\n<\/tr>\n<\/tbody>\n<\/table>\n<p align=\"justify\"><span style=\"font-family: Arial,sans-serif;\"><span style=\"font-size: medium;\"><em><strong>FONTE: <\/strong><\/em><\/span><\/span><span style=\"font-family: Arial,sans-serif;\"><span style=\"font-size: medium;\"><em>Revista Placar<\/em><\/span><\/span><\/p>\n","protected":false},"excerpt":{"rendered":"<p>Pela \u00faltima rodada do Grupo E, da ta\u00e7a de prata, o Bonsucesso encerrou a sua participa\u00e7\u00e3o com derrota. Jogando em Niter\u00f3i, acabou derrotado pelo Oper\u00e1rio (MS) por 3 a 1. BONSUCESSO F.C. 1 X 3 OPER\u00c1RIO F.C. (MS) LOCAL: Est\u00e1dio\u00a0Caio Martins, em Niter\u00f3i (RJ) CAR\u00c1TER: \u00daltima rodada do Grupo E \u2013 Ta\u00e7a de Prata de [&hellip;]<\/p>\n","protected":false},"author":55,"featured_media":0,"comment_status":"open","ping_status":"closed","sticky":false,"template":"","format":"standard","meta":{"footnotes":""},"categories":[203,292,83,3,47,76],"tags":[],"class_list":["post-99360","post","type-post","status-publish","format-standard","hentry","category-sergio-mello","category-brasil-serie-b","category-x9-curiosidades","category-historia-do-futebol","category-rio-de-janeiro","category-antigo-estado-do-rio"],"_links":{"self":[{"href":"https:\/\/historiadofutebol.com\/blog\/index.php?rest_route=\/wp\/v2\/posts\/99360","targetHints":{"allow":["GET"]}}],"collection":[{"href":"https:\/\/historiadofutebol.com\/blog\/index.php?rest_route=\/wp\/v2\/posts"}],"about":[{"href":"https:\/\/historiadofutebol.com\/blog\/index.php?rest_route=\/wp\/v2\/types\/post"}],"author":[{"embeddable":true,"href":"https:\/\/historiadofutebol.com\/blog\/index.php?rest_route=\/wp\/v2\/users\/55"}],"replies":[{"embeddable":true,"href":"https:\/\/historiadofutebol.com\/blog\/index.php?rest_route=%2Fwp%2Fv2%2Fcomments&post=99360"}],"version-history":[{"count":3,"href":"https:\/\/historiadofutebol.com\/blog\/index.php?rest_route=\/wp\/v2\/posts\/99360\/revisions"}],"predecessor-version":[{"id":99363,"href":"https:\/\/historiadofutebol.com\/blog\/index.php?rest_route=\/wp\/v2\/posts\/99360\/revisions\/99363"}],"wp:attachment":[{"href":"https:\/\/historiadofutebol.com\/blog\/index.php?rest_route=%2Fwp%2Fv2%2Fmedia&parent=99360"}],"wp:term":[{"taxonomy":"category","embeddable":true,"href":"https:\/\/historiadofutebol.com\/blog\/index.php?rest_route=%2Fwp%2Fv2%2Fcategories&post=99360"},{"taxonomy":"post_tag","embeddable":true,"href":"https:\/\/historiadofutebol.com\/blog\/index.php?rest_route=%2Fwp%2Fv2%2Ftags&post=99360"}],"curies":[{"name":"wp","href":"https:\/\/api.w.org\/{rel}","templated":true}]}}