{"id":99355,"date":"2016-12-13T17:53:53","date_gmt":"2016-12-13T19:53:53","guid":{"rendered":"https:\/\/historiadofutebol.com\/blog\/?p=99355"},"modified":"2016-12-13T18:27:30","modified_gmt":"2016-12-13T20:27:30","slug":"taca-de-prata-de-1983-ficha-tecnica-uberaba-s-c-mg-2-x-0-bonsucesso-rj","status":"publish","type":"post","link":"https:\/\/historiadofutebol.com\/blog\/?p=99355","title":{"rendered":"Ta\u00e7a de Prata de 1983 (ficha-t\u00e9cnica): Uberaba S.C. (MG)  2 x 0  Bonsucesso (RJ)"},"content":{"rendered":"<p align=\"justify\"><span style=\"font-family: Arial,sans-serif;\"><span style=\"font-size: small;\"><em>A &#8216;ducha de \u00e1gua fria&#8217; que foi a derrota para o Guarani ainda n\u00e3o tinha sido bem digerida pelo Bonsucesso. E, ironicamente, na pen\u00faltima rodada, do Grupo E, da Ta\u00e7a de Prata diante do Uberaba, fora casa, choveu demais, deixando o estado do gramado ruim. <\/em><\/span><\/span><\/p>\n<p align=\"justify\"><span style=\"font-family: Arial,sans-serif;\"><span style=\"font-size: small;\"><em>Al\u00e9m do campo, o Bonsucesso n\u00e3o esteve bem. E para piorar o \u00e1rbitro ga\u00facho marcou um p\u00eanalti duvidoso, convertido pelo advers\u00e1rio. Na segunda etapa, precisando atacar acabou oferecendo o contra-ataque. Resultado foi que o Uberaba aproveitou um e liquidou a fatura.<\/em><\/span><\/span><\/p>\n<table width=\"643\" cellspacing=\"0\" cellpadding=\"4\">\n<colgroup>\n<col width=\"165\" \/>\n<col width=\"57\" \/>\n<col width=\"18\" \/>\n<col width=\"15\" \/>\n<col width=\"18\" \/>\n<col width=\"320\" \/> <\/colgroup>\n<tbody>\n<tr>\n<td colspan=\"2\" width=\"229\">\n<p align=\"justify\"><span style=\"font-family: Arial,sans-serif;\"><span style=\"font-size: medium;\"><strong>UBERABA S.C. (MG)<\/strong><\/span><\/span><\/p>\n<\/td>\n<td width=\"18\">\n<p align=\"justify\"><span style=\"font-family: Arial,sans-serif;\"><span style=\"font-size: medium;\"><strong>2<\/strong><\/span><\/span><\/p>\n<\/td>\n<td width=\"15\">\n<p align=\"justify\"><span style=\"font-family: Arial,sans-serif;\"><span style=\"font-size: medium;\"><strong>X<\/strong><\/span><\/span><\/p>\n<\/td>\n<td width=\"18\">\n<p align=\"justify\"><span style=\"font-family: Arial,sans-serif;\"><span style=\"font-size: medium;\"><strong>0<\/strong><\/span><\/span><\/p>\n<\/td>\n<td width=\"320\">\n<p align=\"justify\"><span style=\"font-family: Arial,sans-serif;\"><span style=\"font-size: medium;\"><strong>BONSUCESSO F.C.<\/strong><\/span><\/span><\/p>\n<\/td>\n<\/tr>\n<tr>\n<td width=\"165\">\n<p align=\"justify\"><span style=\"font-family: Arial,sans-serif;\"><span style=\"font-size: medium;\"><strong>LOCAL:<\/strong><\/span><\/span><\/p>\n<\/td>\n<td colspan=\"5\" width=\"460\">\n<p align=\"justify\"><em><span style=\"font-family: Arial,sans-serif;\"><span style=\"font-size: small;\">Est\u00e1dio<\/span><\/span><\/em><span style=\"font-family: Arial,sans-serif;\"><span style=\"font-size: small;\"> Municipal Engenheiro <\/span><\/span><em><span style=\"font-family: Arial,sans-serif;\"><span style=\"font-size: small;\">Jo\u00e3o Guido<\/span><\/span><\/em><span style=\"font-family: Arial,sans-serif;\"><span style=\"font-size: small;\">, <\/span><\/span><span style=\"font-family: Arial,sans-serif;\"><span style=\"font-size: small;\">&#8216;U<\/span><\/span><span style=\"font-family: Arial,sans-serif;\"><span style=\"font-size: small;\">berab\u00e3o<\/span><\/span><span style=\"font-family: Arial,sans-serif;\"><span style=\"font-size: small;\">&#8216;, em Uberaba (MG)<\/span><\/span><\/p>\n<\/td>\n<\/tr>\n<tr>\n<td width=\"165\">\n<p align=\"justify\"><span style=\"font-family: Arial,sans-serif;\"><span style=\"font-size: medium;\"><strong>CAR\u00c1TER:<\/strong><\/span><\/span><\/p>\n<\/td>\n<td colspan=\"5\" width=\"460\">\n<p align=\"justify\"><span style=\"font-family: Arial,sans-serif;\"><span style=\"font-size: medium;\">4\u00aa rodada do Grupo E \u2013 Ta\u00e7a de Prata de 1983 <\/span><\/span><\/p>\n<\/td>\n<\/tr>\n<tr>\n<td width=\"165\">\n<p align=\"justify\"><span style=\"font-family: Arial,sans-serif;\"><span style=\"font-size: medium;\"><strong>DATA:<\/strong><\/span><\/span><\/p>\n<\/td>\n<td colspan=\"5\" width=\"460\">\n<p align=\"justify\"><span style=\"font-family: Arial,sans-serif;\"><span style=\"font-size: medium;\">S\u00e1bado, do dia 05 de Fevereiro de 1983<\/span><\/span><\/p>\n<\/td>\n<\/tr>\n<tr>\n<td width=\"165\">\n<p align=\"justify\"><span style=\"font-family: Arial,sans-serif;\"><span style=\"font-size: medium;\"><strong>RENDA:<\/strong><\/span><\/span><\/p>\n<\/td>\n<td colspan=\"5\" width=\"460\">\n<p align=\"justify\"><span style=\"font-family: Arial,sans-serif;\"><span style=\"font-size: medium;\">Cr$ 1.652.000,00<\/span><\/span><\/p>\n<\/td>\n<\/tr>\n<tr>\n<td width=\"165\">\n<p align=\"justify\"><span style=\"font-family: Arial,sans-serif;\"><span style=\"font-size: medium;\"><strong>P\u00daBLICO:<\/strong><\/span><\/span><\/p>\n<\/td>\n<td colspan=\"5\" width=\"460\">\n<p align=\"justify\"><span style=\"font-family: Arial,sans-serif;\"><span style=\"font-size: medium;\">3.304 pagantes<\/span><\/span><\/p>\n<\/td>\n<\/tr>\n<tr>\n<td width=\"165\">\n<p align=\"justify\"><span style=\"font-family: Arial,sans-serif;\"><span style=\"font-size: medium;\"><strong>\u00c1RBITRO:<\/strong><\/span><\/span><\/p>\n<\/td>\n<td colspan=\"5\" width=\"460\">\n<p align=\"justify\"><span style=\"font-family: Arial,sans-serif;\"><span style=\"font-size: medium;\">Jos\u00e9 Mocelim (CBF\/RS)<\/span><\/span><\/p>\n<\/td>\n<\/tr>\n<tr>\n<td width=\"165\">\n<p align=\"justify\"><span style=\"font-family: Arial,sans-serif;\"><span style=\"font-size: medium;\"><strong>UBERABA (MG):<\/strong><\/span><\/span><\/p>\n<\/td>\n<td colspan=\"5\" width=\"460\">\n<p align=\"justify\">\n<p align=\"justify\"><span style=\"font-family: Arial,sans-serif;\"><span style=\"font-size: medium;\">Diron;<\/span><\/span><span style=\"font-family: Arial,sans-serif;\"><span style=\"font-size: medium;\">J<\/span><\/span><span style=\"font-family: Arial,sans-serif;\"><span style=\"font-size: medium;\">oel<\/span><\/span><span style=\"font-family: Arial,sans-serif;\"><span style=\"font-size: medium;\">, <\/span><\/span><span style=\"font-family: Arial,sans-serif;\"><span style=\"font-size: medium;\">Gilv\u00e3<\/span><\/span><span style=\"font-family: Arial,sans-serif;\"><span style=\"font-size: medium;\">, <\/span><\/span><span style=\"font-family: Arial,sans-serif;\"><span style=\"font-size: medium;\">V\u00e1lter Lob\u00e3o e Aldeir; Jo\u00e3ozinho, celso S\u00e1 e Toinzinho; Sim\u00f5es (Edvaldo), Nei (Edson Lu\u00eds) e Eriel.<\/span><\/span><span style=\"font-family: Arial,sans-serif;\"><span style=\"font-size: medium;\"><strong>T\u00e9cnico:<\/strong><\/span><\/span><span style=\"font-family: Arial,sans-serif;\"><span style=\"font-size: medium;\">Milton Buzetto<\/span><\/span><\/p>\n<p align=\"justify\">\n<\/td>\n<\/tr>\n<tr>\n<td width=\"165\">\n<p align=\"justify\"><span style=\"font-family: Arial,sans-serif;\"><span style=\"font-size: medium;\"><strong>BONSUCESSO F.C.:<\/strong><\/span><\/span><\/p>\n<\/td>\n<td colspan=\"5\" width=\"460\">\n<p align=\"justify\"><span style=\"font-family: Arial,sans-serif;\"><span style=\"font-size: medium;\">Jurandir; <\/span><\/span><span style=\"font-family: Arial,sans-serif;\"><span style=\"font-size: medium;\">Jaime<\/span><\/span><span style=\"font-family: Arial,sans-serif;\"><span style=\"font-size: medium;\">, <\/span><\/span><span style=\"font-family: Arial,sans-serif;\"><span style=\"font-size: medium;\">Osmar, <\/span><\/span><span style=\"font-family: Arial,sans-serif;\"><span style=\"font-size: medium;\">Toninho e <\/span><\/span><span style=\"font-family: Arial,sans-serif;\"><span style=\"font-size: medium;\">Den\u00edlson<\/span><\/span><span style=\"font-family: Arial,sans-serif;\"><span style=\"font-size: medium;\">; Wilson, <\/span><\/span><span style=\"font-family: Arial,sans-serif;\"><span style=\"font-size: medium;\">Edson <\/span><\/span><span style=\"font-family: Arial,sans-serif;\"><span style=\"font-size: medium;\">e <\/span><\/span><span style=\"font-family: Arial,sans-serif;\"><span style=\"font-size: medium;\">Carlos Alberto<\/span><\/span><span style=\"font-family: Arial,sans-serif;\"><span style=\"font-size: medium;\">; <\/span><\/span><span style=\"font-family: Arial,sans-serif;\"><span style=\"font-size: medium;\">Maur\u00edcio,<\/span><\/span><span style=\"font-family: Arial,sans-serif;\"><span style=\"font-size: medium;\">Jorginho <\/span><\/span><span style=\"font-family: Arial,sans-serif;\"><span style=\"font-size: medium;\">e Vasconcellos. <\/span><\/span><span style=\"font-family: Arial,sans-serif;\"><span style=\"font-size: medium;\"><strong>T\u00e9cnico: <\/strong><\/span><\/span><span style=\"font-family: Arial,sans-serif;\"><span style=\"font-size: medium;\">Brito<\/span><\/span><\/p>\n<\/td>\n<\/tr>\n<tr>\n<td width=\"165\">\n<p align=\"justify\"><span style=\"font-family: Arial,sans-serif;\"><span style=\"font-size: medium;\"><strong>GOLS:<\/strong><\/span><\/span><\/p>\n<\/td>\n<td colspan=\"5\" width=\"460\">\n<p align=\"justify\"><span style=\"font-family: Arial,sans-serif;\"><span style=\"font-size: medium;\">Jo\u00e3ozinho, de p\u00eanalti, aos 11 minutos (Uberaba); no 1\u00ba Tempo. Eriel aos 30 minutos (Uberaba); no 2\u00ba Tempo. <\/span><\/span><\/p>\n<\/td>\n<\/tr>\n<\/tbody>\n<\/table>\n<p align=\"justify\"><span style=\"font-family: Arial,sans-serif;\"><span style=\"font-size: medium;\"><em><strong>FONTE: <\/strong><\/em><\/span><\/span><span style=\"font-family: Arial,sans-serif;\"><span style=\"font-size: medium;\"><em>Revista Placar<\/em><\/span><\/span><\/p>\n","protected":false},"excerpt":{"rendered":"<p>A &#8216;ducha de \u00e1gua fria&#8217; que foi a derrota para o Guarani ainda n\u00e3o tinha sido bem digerida pelo Bonsucesso. E, ironicamente, na pen\u00faltima rodada, do Grupo E, da Ta\u00e7a de Prata diante do Uberaba, fora casa, choveu demais, deixando o estado do gramado ruim. Al\u00e9m do campo, o Bonsucesso n\u00e3o esteve bem. E para [&hellip;]<\/p>\n","protected":false},"author":55,"featured_media":0,"comment_status":"open","ping_status":"closed","sticky":false,"template":"","format":"standard","meta":{"footnotes":""},"categories":[203,292,83,3,39,47,76],"tags":[],"class_list":["post-99355","post","type-post","status-publish","format-standard","hentry","category-sergio-mello","category-brasil-serie-b","category-x9-curiosidades","category-historia-do-futebol","category-minas-gerais","category-rio-de-janeiro","category-antigo-estado-do-rio"],"_links":{"self":[{"href":"https:\/\/historiadofutebol.com\/blog\/index.php?rest_route=\/wp\/v2\/posts\/99355","targetHints":{"allow":["GET"]}}],"collection":[{"href":"https:\/\/historiadofutebol.com\/blog\/index.php?rest_route=\/wp\/v2\/posts"}],"about":[{"href":"https:\/\/historiadofutebol.com\/blog\/index.php?rest_route=\/wp\/v2\/types\/post"}],"author":[{"embeddable":true,"href":"https:\/\/historiadofutebol.com\/blog\/index.php?rest_route=\/wp\/v2\/users\/55"}],"replies":[{"embeddable":true,"href":"https:\/\/historiadofutebol.com\/blog\/index.php?rest_route=%2Fwp%2Fv2%2Fcomments&post=99355"}],"version-history":[{"count":4,"href":"https:\/\/historiadofutebol.com\/blog\/index.php?rest_route=\/wp\/v2\/posts\/99355\/revisions"}],"predecessor-version":[{"id":99359,"href":"https:\/\/historiadofutebol.com\/blog\/index.php?rest_route=\/wp\/v2\/posts\/99355\/revisions\/99359"}],"wp:attachment":[{"href":"https:\/\/historiadofutebol.com\/blog\/index.php?rest_route=%2Fwp%2Fv2%2Fmedia&parent=99355"}],"wp:term":[{"taxonomy":"category","embeddable":true,"href":"https:\/\/historiadofutebol.com\/blog\/index.php?rest_route=%2Fwp%2Fv2%2Fcategories&post=99355"},{"taxonomy":"post_tag","embeddable":true,"href":"https:\/\/historiadofutebol.com\/blog\/index.php?rest_route=%2Fwp%2Fv2%2Ftags&post=99355"}],"curies":[{"name":"wp","href":"https:\/\/api.w.org\/{rel}","templated":true}]}}