{"id":99216,"date":"2016-12-10T15:04:20","date_gmt":"2016-12-10T17:04:20","guid":{"rendered":"https:\/\/historiadofutebol.com\/blog\/?p=99216"},"modified":"2016-12-10T15:04:20","modified_gmt":"2016-12-10T17:04:20","slug":"reportagem-de-1981-associacao-desportiva-leonico-salvador-ba","status":"publish","type":"post","link":"https:\/\/historiadofutebol.com\/blog\/?p=99216","title":{"rendered":"Reportagem, de 1981: Associa\u00e7\u00e3o Desportiva Le\u00f4nico &#8211; Salvador (BA)"},"content":{"rendered":"<p><img loading=\"lazy\" decoding=\"async\" class=\"aligncenter size-large wp-image-99217\" title=\"02 ADL\" src=\"https:\/\/historiadofutebol.com\/blog\/wp-content\/uploads\/2016\/12\/02-ADL-500x311.jpg\" alt=\"\" width=\"500\" height=\"311\" srcset=\"https:\/\/historiadofutebol.com\/blog\/wp-content\/uploads\/2016\/12\/02-ADL-500x311.jpg 500w, https:\/\/historiadofutebol.com\/blog\/wp-content\/uploads\/2016\/12\/02-ADL-300x186.jpg 300w, https:\/\/historiadofutebol.com\/blog\/wp-content\/uploads\/2016\/12\/02-ADL.jpg 1046w\" sizes=\"auto, (max-width: 500px) 100vw, 500px\" \/><\/p>\n<p><img loading=\"lazy\" decoding=\"async\" class=\"aligncenter size-full wp-image-99218\" title=\"03 ADL\" src=\"https:\/\/historiadofutebol.com\/blog\/wp-content\/uploads\/2016\/12\/03-ADL.jpg\" alt=\"\" width=\"1048\" height=\"1384\" srcset=\"https:\/\/historiadofutebol.com\/blog\/wp-content\/uploads\/2016\/12\/03-ADL.jpg 1048w, https:\/\/historiadofutebol.com\/blog\/wp-content\/uploads\/2016\/12\/03-ADL-227x300.jpg 227w, https:\/\/historiadofutebol.com\/blog\/wp-content\/uploads\/2016\/12\/03-ADL-378x500.jpg 378w, https:\/\/historiadofutebol.com\/blog\/wp-content\/uploads\/2016\/12\/03-ADL-300x396.jpg 300w\" sizes=\"auto, (max-width: 1048px) 100vw, 1048px\" \/><\/p>\n<p><strong><em>FONTE:<\/em><\/strong><em>\u00a0 Revista Placar\u00a0<\/em><\/p>\n","protected":false},"excerpt":{"rendered":"<p>FONTE:\u00a0 Revista Placar\u00a0<\/p>\n","protected":false},"author":55,"featured_media":0,"comment_status":"open","ping_status":"closed","sticky":false,"template":"","format":"standard","meta":{"footnotes":""},"categories":[203,30,83,59,345,3],"tags":[],"class_list":["post-99216","post","type-post","status-publish","format-standard","hentry","category-sergio-mello","category-bahia","category-x9-curiosidades","category-escudos","category-fotos-historicas","category-historia-do-futebol"],"_links":{"self":[{"href":"https:\/\/historiadofutebol.com\/blog\/index.php?rest_route=\/wp\/v2\/posts\/99216","targetHints":{"allow":["GET"]}}],"collection":[{"href":"https:\/\/historiadofutebol.com\/blog\/index.php?rest_route=\/wp\/v2\/posts"}],"about":[{"href":"https:\/\/historiadofutebol.com\/blog\/index.php?rest_route=\/wp\/v2\/types\/post"}],"author":[{"embeddable":true,"href":"https:\/\/historiadofutebol.com\/blog\/index.php?rest_route=\/wp\/v2\/users\/55"}],"replies":[{"embeddable":true,"href":"https:\/\/historiadofutebol.com\/blog\/index.php?rest_route=%2Fwp%2Fv2%2Fcomments&post=99216"}],"version-history":[{"count":2,"href":"https:\/\/historiadofutebol.com\/blog\/index.php?rest_route=\/wp\/v2\/posts\/99216\/revisions"}],"predecessor-version":[{"id":99220,"href":"https:\/\/historiadofutebol.com\/blog\/index.php?rest_route=\/wp\/v2\/posts\/99216\/revisions\/99220"}],"wp:attachment":[{"href":"https:\/\/historiadofutebol.com\/blog\/index.php?rest_route=%2Fwp%2Fv2%2Fmedia&parent=99216"}],"wp:term":[{"taxonomy":"category","embeddable":true,"href":"https:\/\/historiadofutebol.com\/blog\/index.php?rest_route=%2Fwp%2Fv2%2Fcategories&post=99216"},{"taxonomy":"post_tag","embeddable":true,"href":"https:\/\/historiadofutebol.com\/blog\/index.php?rest_route=%2Fwp%2Fv2%2Ftags&post=99216"}],"curies":[{"name":"wp","href":"https:\/\/api.w.org\/{rel}","templated":true}]}}