{"id":99207,"date":"2016-12-09T23:35:44","date_gmt":"2016-12-10T01:35:44","guid":{"rendered":"https:\/\/historiadofutebol.com\/blog\/?p=99207"},"modified":"2016-12-09T23:35:44","modified_gmt":"2016-12-10T01:35:44","slug":"escudo-e-uniforme-de-1981-associacao-atletica-anapolina-anapolis-go","status":"publish","type":"post","link":"https:\/\/historiadofutebol.com\/blog\/?p=99207","title":{"rendered":"Escudo e uniforme, de 1981: Associa\u00e7\u00e3o Atl\u00e9tica Anapolina &#8211; An\u00e1polis (GO)"},"content":{"rendered":"<p><img loading=\"lazy\" decoding=\"async\" class=\"aligncenter size-large wp-image-99208\" title=\"01\" src=\"https:\/\/historiadofutebol.com\/blog\/wp-content\/uploads\/2016\/12\/015-500x311.jpg\" alt=\"\" width=\"500\" height=\"311\" srcset=\"https:\/\/historiadofutebol.com\/blog\/wp-content\/uploads\/2016\/12\/015-500x311.jpg 500w, https:\/\/historiadofutebol.com\/blog\/wp-content\/uploads\/2016\/12\/015-300x186.jpg 300w, https:\/\/historiadofutebol.com\/blog\/wp-content\/uploads\/2016\/12\/015.jpg 1054w\" sizes=\"auto, (max-width: 500px) 100vw, 500px\" \/><\/p>\n<p><img loading=\"lazy\" decoding=\"async\" class=\"aligncenter size-full wp-image-99209\" title=\"00\" src=\"https:\/\/historiadofutebol.com\/blog\/wp-content\/uploads\/2016\/12\/0016.jpg\" alt=\"\" width=\"2028\" height=\"1324\" srcset=\"https:\/\/historiadofutebol.com\/blog\/wp-content\/uploads\/2016\/12\/0016.jpg 2028w, https:\/\/historiadofutebol.com\/blog\/wp-content\/uploads\/2016\/12\/0016-300x195.jpg 300w, https:\/\/historiadofutebol.com\/blog\/wp-content\/uploads\/2016\/12\/0016-500x326.jpg 500w\" sizes=\"auto, (max-width: 2028px) 100vw, 2028px\" \/><\/p>\n<p><em><strong>FONTE:<\/strong> Revista Placar<\/em><\/p>\n","protected":false},"excerpt":{"rendered":"<p>FONTE: Revista Placar<\/p>\n","protected":false},"author":55,"featured_media":0,"comment_status":"open","ping_status":"closed","sticky":false,"template":"","format":"standard","meta":{"footnotes":""},"categories":[203,83,59,345,35,3],"tags":[],"class_list":["post-99207","post","type-post","status-publish","format-standard","hentry","category-sergio-mello","category-x9-curiosidades","category-escudos","category-fotos-historicas","category-goias","category-historia-do-futebol"],"_links":{"self":[{"href":"https:\/\/historiadofutebol.com\/blog\/index.php?rest_route=\/wp\/v2\/posts\/99207","targetHints":{"allow":["GET"]}}],"collection":[{"href":"https:\/\/historiadofutebol.com\/blog\/index.php?rest_route=\/wp\/v2\/posts"}],"about":[{"href":"https:\/\/historiadofutebol.com\/blog\/index.php?rest_route=\/wp\/v2\/types\/post"}],"author":[{"embeddable":true,"href":"https:\/\/historiadofutebol.com\/blog\/index.php?rest_route=\/wp\/v2\/users\/55"}],"replies":[{"embeddable":true,"href":"https:\/\/historiadofutebol.com\/blog\/index.php?rest_route=%2Fwp%2Fv2%2Fcomments&post=99207"}],"version-history":[{"count":1,"href":"https:\/\/historiadofutebol.com\/blog\/index.php?rest_route=\/wp\/v2\/posts\/99207\/revisions"}],"predecessor-version":[{"id":99210,"href":"https:\/\/historiadofutebol.com\/blog\/index.php?rest_route=\/wp\/v2\/posts\/99207\/revisions\/99210"}],"wp:attachment":[{"href":"https:\/\/historiadofutebol.com\/blog\/index.php?rest_route=%2Fwp%2Fv2%2Fmedia&parent=99207"}],"wp:term":[{"taxonomy":"category","embeddable":true,"href":"https:\/\/historiadofutebol.com\/blog\/index.php?rest_route=%2Fwp%2Fv2%2Fcategories&post=99207"},{"taxonomy":"post_tag","embeddable":true,"href":"https:\/\/historiadofutebol.com\/blog\/index.php?rest_route=%2Fwp%2Fv2%2Ftags&post=99207"}],"curies":[{"name":"wp","href":"https:\/\/api.w.org\/{rel}","templated":true}]}}