{"id":99181,"date":"2016-12-09T18:05:18","date_gmt":"2016-12-09T20:05:18","guid":{"rendered":"https:\/\/historiadofutebol.com\/blog\/?p=99181"},"modified":"2016-12-09T18:05:18","modified_gmt":"2016-12-09T20:05:18","slug":"poster-america-football-club-rio-de-janeiro-rj-campeao-do-torneio-dos-campeoes-de-1982","status":"publish","type":"post","link":"https:\/\/historiadofutebol.com\/blog\/?p=99181","title":{"rendered":"P\u00f4ster: Am\u00e9rica Football Club &#8211; Rio de Janeiro (RJ) Campe\u00e3o do Torneio dos Campe\u00f5es de 1982"},"content":{"rendered":"<p><img loading=\"lazy\" decoding=\"async\" class=\"aligncenter size-full wp-image-99184\" title=\"03 AFC\" src=\"https:\/\/historiadofutebol.com\/blog\/wp-content\/uploads\/2016\/12\/03-AFC.jpg\" alt=\"\" width=\"1532\" height=\"1144\" srcset=\"https:\/\/historiadofutebol.com\/blog\/wp-content\/uploads\/2016\/12\/03-AFC.jpg 1532w, https:\/\/historiadofutebol.com\/blog\/wp-content\/uploads\/2016\/12\/03-AFC-300x224.jpg 300w, https:\/\/historiadofutebol.com\/blog\/wp-content\/uploads\/2016\/12\/03-AFC-500x373.jpg 500w\" sizes=\"auto, (max-width: 1532px) 100vw, 1532px\" \/><\/p>\n<p><img loading=\"lazy\" decoding=\"async\" class=\"aligncenter size-full wp-image-99182\" title=\"01 AFC\" src=\"https:\/\/historiadofutebol.com\/blog\/wp-content\/uploads\/2016\/12\/01-AFC.jpg\" alt=\"\" width=\"488\" height=\"1276\" srcset=\"https:\/\/historiadofutebol.com\/blog\/wp-content\/uploads\/2016\/12\/01-AFC.jpg 488w, https:\/\/historiadofutebol.com\/blog\/wp-content\/uploads\/2016\/12\/01-AFC-191x500.jpg 191w, https:\/\/historiadofutebol.com\/blog\/wp-content\/uploads\/2016\/12\/01-AFC-300x784.jpg 300w\" sizes=\"auto, (max-width: 488px) 100vw, 488px\" \/><\/p>\n<p><img loading=\"lazy\" decoding=\"async\" class=\"aligncenter size-full wp-image-99183\" title=\"02 AFC\" src=\"https:\/\/historiadofutebol.com\/blog\/wp-content\/uploads\/2016\/12\/02-AFC.jpg\" alt=\"\" width=\"1002\" height=\"1364\" srcset=\"https:\/\/historiadofutebol.com\/blog\/wp-content\/uploads\/2016\/12\/02-AFC.jpg 1002w, https:\/\/historiadofutebol.com\/blog\/wp-content\/uploads\/2016\/12\/02-AFC-220x300.jpg 220w, https:\/\/historiadofutebol.com\/blog\/wp-content\/uploads\/2016\/12\/02-AFC-367x500.jpg 367w, https:\/\/historiadofutebol.com\/blog\/wp-content\/uploads\/2016\/12\/02-AFC-300x408.jpg 300w\" sizes=\"auto, (max-width: 1002px) 100vw, 1002px\" \/><\/p>\n<p align=\"justify\"><span style=\"font-family: Arial,sans-serif;\"><span style=\"font-size: medium;\"><em><strong>FONTE: <\/strong>Revista Placar<\/em><\/span><\/span><\/p>\n","protected":false},"excerpt":{"rendered":"<p>FONTE: Revista Placar<\/p>\n","protected":false},"author":55,"featured_media":0,"comment_status":"open","ping_status":"closed","sticky":false,"template":"","format":"standard","meta":{"footnotes":""},"categories":[203,109,83,345,3,47,76],"tags":[],"class_list":["post-99181","post","type-post","status-publish","format-standard","hentry","category-sergio-mello","category-campeonatos-historicos","category-x9-curiosidades","category-fotos-historicas","category-historia-do-futebol","category-rio-de-janeiro","category-antigo-estado-do-rio"],"_links":{"self":[{"href":"https:\/\/historiadofutebol.com\/blog\/index.php?rest_route=\/wp\/v2\/posts\/99181","targetHints":{"allow":["GET"]}}],"collection":[{"href":"https:\/\/historiadofutebol.com\/blog\/index.php?rest_route=\/wp\/v2\/posts"}],"about":[{"href":"https:\/\/historiadofutebol.com\/blog\/index.php?rest_route=\/wp\/v2\/types\/post"}],"author":[{"embeddable":true,"href":"https:\/\/historiadofutebol.com\/blog\/index.php?rest_route=\/wp\/v2\/users\/55"}],"replies":[{"embeddable":true,"href":"https:\/\/historiadofutebol.com\/blog\/index.php?rest_route=%2Fwp%2Fv2%2Fcomments&post=99181"}],"version-history":[{"count":1,"href":"https:\/\/historiadofutebol.com\/blog\/index.php?rest_route=\/wp\/v2\/posts\/99181\/revisions"}],"predecessor-version":[{"id":99185,"href":"https:\/\/historiadofutebol.com\/blog\/index.php?rest_route=\/wp\/v2\/posts\/99181\/revisions\/99185"}],"wp:attachment":[{"href":"https:\/\/historiadofutebol.com\/blog\/index.php?rest_route=%2Fwp%2Fv2%2Fmedia&parent=99181"}],"wp:term":[{"taxonomy":"category","embeddable":true,"href":"https:\/\/historiadofutebol.com\/blog\/index.php?rest_route=%2Fwp%2Fv2%2Fcategories&post=99181"},{"taxonomy":"post_tag","embeddable":true,"href":"https:\/\/historiadofutebol.com\/blog\/index.php?rest_route=%2Fwp%2Fv2%2Ftags&post=99181"}],"curies":[{"name":"wp","href":"https:\/\/api.w.org\/{rel}","templated":true}]}}