{"id":99137,"date":"2016-12-08T21:13:46","date_gmt":"2016-12-08T23:13:46","guid":{"rendered":"https:\/\/historiadofutebol.com\/blog\/?p=99137"},"modified":"2016-12-08T21:13:46","modified_gmt":"2016-12-08T23:13:46","slug":"cosmos-social-clube-%e2%80%93-sao-goncalo-rj-flamula-dos-anos-80","status":"publish","type":"post","link":"https:\/\/historiadofutebol.com\/blog\/?p=99137","title":{"rendered":"Cosmos Social Clube \u2013 S\u00e3o Gon\u00e7alo (RJ): Fl\u00e2mula dos anos 80"},"content":{"rendered":"<p><img loading=\"lazy\" decoding=\"async\" class=\"aligncenter size-large wp-image-99139\" title=\"00\" src=\"https:\/\/historiadofutebol.com\/blog\/wp-content\/uploads\/2016\/12\/0014-500x312.jpg\" alt=\"\" width=\"500\" height=\"312\" srcset=\"https:\/\/historiadofutebol.com\/blog\/wp-content\/uploads\/2016\/12\/0014-500x312.jpg 500w, https:\/\/historiadofutebol.com\/blog\/wp-content\/uploads\/2016\/12\/0014-300x187.jpg 300w, https:\/\/historiadofutebol.com\/blog\/wp-content\/uploads\/2016\/12\/0014.jpg 1040w\" sizes=\"auto, (max-width: 500px) 100vw, 500px\" \/><\/p>\n<p>O\u00a0<strong>Cosmos Social Clube<\/strong>\u00a0foi uma agremia\u00e7\u00e3o cidade de S\u00e3o Gon\u00e7alo (RJ).\u00a0<strong>Fundado no dia 02 de Maio de 1976<\/strong>. A sua\u00a0<strong><em>Sede<\/em><\/strong>\u00a0ficava na\u00a0<em>Avenida Abaet\u00e9, n\u00ba 10, no Bairro Antonina, em S\u00e3o Gon\u00e7alo<\/em>.<\/p>\n<p>Filiou-se \u00e0\u00a0<strong><em>Liga Gon\u00e7alense de Desportos (LGD)<\/em><\/strong>, em 5 de abril de 1993. Estreou no profissionalismo em 1994 no\u00a0<strong><em>Campeonato da Terceira Divis\u00e3o<\/em><\/strong>\u00a0de Profissionais promovido pela FFERJ, ficando em 4\u00ba lugar, sendo superado por\u00a0<strong><em>Cardoso Moreira Futebol Clube<\/em><\/strong>,\u00a0<strong><em>Jacarepagu\u00e1 Futebol Clube<\/em><\/strong>\u00a0e\u00a0<strong><em>Uni\u00e3o Atl\u00e9tico Clube.<\/em><\/strong>\u00a0<strong><em>Esporte Clube Vila S\u00e3o Luiz, Uni\u00e3o de Marechal Hermes Futebol Clube e Bela Vista Futebol Clube\u00a0<\/em><\/strong>completaram a classifica\u00e7\u00e3o.<\/p>\n<p><img loading=\"lazy\" decoding=\"async\" class=\"aligncenter size-large wp-image-99138\" title=\"99\" src=\"https:\/\/historiadofutebol.com\/blog\/wp-content\/uploads\/2016\/12\/99-375x500.jpg\" alt=\"\" width=\"375\" height=\"500\" srcset=\"https:\/\/historiadofutebol.com\/blog\/wp-content\/uploads\/2016\/12\/99-375x500.jpg 375w, https:\/\/historiadofutebol.com\/blog\/wp-content\/uploads\/2016\/12\/99-225x300.jpg 225w, https:\/\/historiadofutebol.com\/blog\/wp-content\/uploads\/2016\/12\/99-300x400.jpg 300w, https:\/\/historiadofutebol.com\/blog\/wp-content\/uploads\/2016\/12\/99.jpg 720w\" sizes=\"auto, (max-width: 375px) 100vw, 375px\" \/><\/p>\n<p>Em 1995, participou novamente da\u00a0<strong><em>Terceira Divis\u00e3o<\/em><\/strong>\u00a0com boa campanha. Em 1996, participou da\u00a0<strong><em>Quarta Divis\u00e3o<\/em><\/strong>, um m\u00f3dulo criado por clubes que n\u00e3o haviam podido se inscrever na\u00a0<strong><em>Terceira Divis\u00e3o<\/em><\/strong>, que j\u00e1 havia ocorrido no primeiro semestre. Sagrou-se vice-campe\u00e3o.<\/p>\n<p>Em 1997, disputa novamente a\u00a0<strong><em>Quarta Divis\u00e3o<\/em><\/strong>\u00a0sendo campe\u00e3o. Em 1998, est\u00e1 na\u00a0<strong><em>Terceira Divis\u00e3o<\/em><\/strong>\u00a0e sagra-se vice-campe\u00e3o. Em 1999, disputa finalmente a\u00a0<strong><em>Segunda Divis\u00e3o<\/em><\/strong>, mas fica em \u00faltimo lugar no seu grupo na primeira fase.<\/p>\n<p>Em 2000, ainda na\u00a0<strong><em>Segunda Divis\u00e3o<\/em><\/strong>, acaba ficando em quarto em seu grupo e eliminado por conseguinte da fase posterior. Desde ent\u00e3o o clube se licenciou das competi\u00e7\u00f5es de \u00e2mbito profissional. Possui as cores verde e branco.<\/p>\n<p><img loading=\"lazy\" decoding=\"async\" class=\"aligncenter size-full wp-image-99140\" title=\"21\" src=\"https:\/\/historiadofutebol.com\/blog\/wp-content\/uploads\/2016\/12\/21.jpg\" alt=\"\" width=\"960\" height=\"720\" srcset=\"https:\/\/historiadofutebol.com\/blog\/wp-content\/uploads\/2016\/12\/21.jpg 960w, https:\/\/historiadofutebol.com\/blog\/wp-content\/uploads\/2016\/12\/21-300x225.jpg 300w, https:\/\/historiadofutebol.com\/blog\/wp-content\/uploads\/2016\/12\/21-500x375.jpg 500w\" sizes=\"auto, (max-width: 960px) 100vw, 960px\" \/><\/p>\n<p><strong><em>FONTES &amp; FOTO:<\/em><\/strong><em>\u00a0Wikip\u00e9dia \u2013 Retratos do Futebol Fluminense \u2013 Liga Gon\u00e7alense de Desportos (LGD)<\/em><\/p>\n","protected":false},"excerpt":{"rendered":"<p>O\u00a0Cosmos Social Clube\u00a0foi uma agremia\u00e7\u00e3o cidade de S\u00e3o Gon\u00e7alo (RJ).\u00a0Fundado no dia 02 de Maio de 1976. A sua\u00a0Sede\u00a0ficava na\u00a0Avenida Abaet\u00e9, n\u00ba 10, no Bairro Antonina, em S\u00e3o Gon\u00e7alo. Filiou-se \u00e0\u00a0Liga Gon\u00e7alense de Desportos (LGD), em 5 de abril de 1993. Estreou no profissionalismo em 1994 no\u00a0Campeonato da Terceira Divis\u00e3o\u00a0de Profissionais promovido pela FFERJ, ficando [&hellip;]<\/p>\n","protected":false},"author":55,"featured_media":0,"comment_status":"open","ping_status":"closed","sticky":false,"template":"","format":"standard","meta":{"footnotes":""},"categories":[203,83,59,345,3,47,76],"tags":[],"class_list":["post-99137","post","type-post","status-publish","format-standard","hentry","category-sergio-mello","category-x9-curiosidades","category-escudos","category-fotos-historicas","category-historia-do-futebol","category-rio-de-janeiro","category-antigo-estado-do-rio"],"_links":{"self":[{"href":"https:\/\/historiadofutebol.com\/blog\/index.php?rest_route=\/wp\/v2\/posts\/99137","targetHints":{"allow":["GET"]}}],"collection":[{"href":"https:\/\/historiadofutebol.com\/blog\/index.php?rest_route=\/wp\/v2\/posts"}],"about":[{"href":"https:\/\/historiadofutebol.com\/blog\/index.php?rest_route=\/wp\/v2\/types\/post"}],"author":[{"embeddable":true,"href":"https:\/\/historiadofutebol.com\/blog\/index.php?rest_route=\/wp\/v2\/users\/55"}],"replies":[{"embeddable":true,"href":"https:\/\/historiadofutebol.com\/blog\/index.php?rest_route=%2Fwp%2Fv2%2Fcomments&post=99137"}],"version-history":[{"count":1,"href":"https:\/\/historiadofutebol.com\/blog\/index.php?rest_route=\/wp\/v2\/posts\/99137\/revisions"}],"predecessor-version":[{"id":99141,"href":"https:\/\/historiadofutebol.com\/blog\/index.php?rest_route=\/wp\/v2\/posts\/99137\/revisions\/99141"}],"wp:attachment":[{"href":"https:\/\/historiadofutebol.com\/blog\/index.php?rest_route=%2Fwp%2Fv2%2Fmedia&parent=99137"}],"wp:term":[{"taxonomy":"category","embeddable":true,"href":"https:\/\/historiadofutebol.com\/blog\/index.php?rest_route=%2Fwp%2Fv2%2Fcategories&post=99137"},{"taxonomy":"post_tag","embeddable":true,"href":"https:\/\/historiadofutebol.com\/blog\/index.php?rest_route=%2Fwp%2Fv2%2Ftags&post=99137"}],"curies":[{"name":"wp","href":"https:\/\/api.w.org\/{rel}","templated":true}]}}