{"id":99128,"date":"2016-12-08T15:12:46","date_gmt":"2016-12-08T17:12:46","guid":{"rendered":"https:\/\/historiadofutebol.com\/blog\/?p=99128"},"modified":"2016-12-08T15:13:29","modified_gmt":"2016-12-08T17:13:29","slug":"taca-de-prata-de-1982-ficha-tecnica-palmeiras-sp-1-x-1-volta-redonda-rj","status":"publish","type":"post","link":"https:\/\/historiadofutebol.com\/blog\/?p=99128","title":{"rendered":"Ta\u00e7a de Prata de 1982 (Ficha-t\u00e9cnica): Palmeiras (SP)  1  x  1  Volta Redonda (RJ)"},"content":{"rendered":"<p align=\"justify\"><span style=\"font-size: medium;\"><strong><span style=\"font-family: Arial,sans-serif;\">S.E. PALMEIRAS<\/span><span style=\"font-family: Arial,sans-serif;\"> (<\/span><span style=\"font-family: Arial,sans-serif;\">SP<\/span><span style=\"font-family: Arial,sans-serif;\">)\u00a0 <\/span><span style=\"font-family: Arial,sans-serif;\">1<\/span><span style=\"font-family: Arial,sans-serif;\"> X <\/span><span style=\"font-family: Arial,sans-serif;\">1\u00a0 <\/span><span style=\"font-family: Arial,sans-serif;\">VOLTA REDONDA <\/span><span style=\"font-family: Arial,sans-serif;\">(<\/span><span style=\"font-family: Arial,sans-serif;\">RJ<\/span><span style=\"font-family: Arial,sans-serif;\">)<\/span><\/strong><\/span><\/p>\n<p align=\"justify\"><span style=\"font-family: Arial,sans-serif;\"><span style=\"font-size: medium;\"><strong>LOCAL:<\/strong><\/span><\/span><span style=\"font-family: Arial,sans-serif;\"><span style=\"font-size: medium;\"> Est\u00e1dio <\/span><\/span><span style=\"font-family: Arial,sans-serif;\"><span style=\"font-size: medium;\">Parque Antarctica<\/span><\/span><span style=\"font-family: Arial,sans-serif;\"><span style=\"font-size: medium;\">, <\/span><\/span><span style=\"font-family: Arial,sans-serif;\"><span style=\"font-size: medium;\">em S\u00e3o Paulo (SP)<\/span><\/span><\/p>\n<p align=\"justify\"><span style=\"font-size: medium;\"><span style=\"font-family: Arial,sans-serif;\"><strong>CAR\u00c1TER:<\/strong><\/span><span style=\"font-family: Arial,sans-serif;\"> Primeira Fase \u2013 <\/span><span style=\"font-family: Arial,sans-serif;\">2<\/span><span style=\"font-family: Arial,sans-serif;\">\u00aa Rodada \u2013 <\/span><span style=\"font-family: Arial,sans-serif;\">Ta\u00e7a de Prata de 1982<\/span><\/span><\/p>\n<p align=\"justify\"><span style=\"font-size: medium;\"><span style=\"font-family: Arial,sans-serif;\"><strong>DATA: <\/strong><\/span><span style=\"font-family: Arial,sans-serif;\">Quinta-feira<\/span><span style=\"font-family: Arial,sans-serif;\">, do dia <\/span><span style=\"font-family: Arial,sans-serif;\">28<\/span><span style=\"font-family: Arial,sans-serif;\"> de Janeiro de 1982<\/span><\/span><\/p>\n<p align=\"justify\"><span style=\"font-size: medium;\"><span style=\"font-family: Arial,sans-serif;\"><strong>\u00c1RBITRO: <\/strong><\/span><span style=\"font-family: Arial,sans-serif;\">Lu\u00eds Cunha Martins<\/span><span style=\"font-family: Arial,sans-serif;\"> (F<\/span><span style=\"font-family: Arial,sans-serif;\">G<\/span><span style=\"font-family: Arial,sans-serif;\">F\/<\/span><span style=\"font-family: Arial,sans-serif;\">R<\/span><span style=\"font-family: Arial,sans-serif;\">S)<\/span><\/span><\/p>\n<p align=\"justify\"><span style=\"font-size: medium;\"><span style=\"font-family: Arial,sans-serif;\"><strong>RENDA:<\/strong><\/span><span style=\"font-family: Arial,sans-serif;\"> Cr$ <\/span><span style=\"font-family: Arial,sans-serif;\">2.014<\/span><span style=\"font-family: Arial,sans-serif;\">.5<\/span><span style=\"font-family: Arial,sans-serif;\">0<\/span><span style=\"font-family: Arial,sans-serif;\">0,00<\/span><\/span><\/p>\n<p align=\"justify\"><span style=\"font-size: medium;\"><span style=\"font-family: Arial,sans-serif;\"><strong>P\u00daBLICO: <\/strong><\/span><span style=\"font-family: Arial,sans-serif;\">5<\/span><span style=\"font-family: Arial,sans-serif;\">.<\/span><span style=\"font-family: Arial,sans-serif;\">942<\/span><span style=\"font-family: Arial,sans-serif;\"> pagantes<\/span><\/span><\/p>\n<p align=\"justify\"><span style=\"font-size: medium;\"><span style=\"font-family: Arial,sans-serif;\"><strong>CART\u00c3O AMARELO: <\/strong><\/span><span style=\"font-family: Arial,sans-serif;\">Paulo Verdum (Volta\u00e7o) <\/span><\/span><\/p>\n<p align=\"justify\"><span style=\"font-size: medium;\"><span style=\"font-family: Arial,sans-serif;\"><strong>PALMEIRAS<\/strong><\/span><span style=\"font-family: Arial,sans-serif;\"><strong>:<\/strong><\/span><span style=\"font-family: Arial,sans-serif;\">Gilmar<\/span><span style=\"font-family: Arial,sans-serif;\">; <\/span><span style=\"font-family: Arial,sans-serif;\">Nen\u00ea, Lu\u00eds Pereira, \u00c9dson e Jaime B\u00f4ni; Suca, Arag\u00f3nes e C\u00e9lio; Jorginho, Almir e Esquerdinha (Rodrigues)<\/span><span style=\"font-family: Arial,sans-serif;\">. <\/span><span style=\"font-family: Arial,sans-serif;\"><strong>T\u00e9cnico:<\/strong><\/span><span style=\"font-family: Arial,sans-serif;\">Paulinh<\/span><span style=\"font-family: Arial,sans-serif;\">o <\/span><span style=\"font-family: Arial,sans-serif;\">de Almeida<\/span><\/span><\/p>\n<p align=\"justify\"><span style=\"font-size: medium;\"><span style=\"font-family: Arial,sans-serif;\"><strong>VOLTA REDONDA<\/strong><\/span><span style=\"font-family: Arial,sans-serif;\"><strong>: <\/strong><\/span><span style=\"font-family: Arial,sans-serif;\">Leite<\/span><span style=\"font-family: Arial,sans-serif;\">; <\/span><span style=\"font-family: Arial,sans-serif;\">Paulo Verdum, Edinho, Lu\u00eds Cl\u00e1udio e Roberto Silva; Russo, Eli Mendes e S\u00e9rgio Lu\u00eds (Moreno)<\/span><span style=\"font-family: Arial,sans-serif;\">; <\/span><span style=\"font-family: Arial,sans-serif;\">Botelho, \u00cdndio e Sivaldo.<\/span><span style=\"font-family: Arial,sans-serif;\"><strong>T\u00e9cnico: <\/strong><\/span><span style=\"font-family: Arial,sans-serif;\">Jorge Vit\u00f3rio<\/span><\/span><\/p>\n<p align=\"justify\"><span style=\"font-size: medium;\"><span style=\"font-family: Arial,sans-serif;\"><strong>GOLS: <\/strong><\/span><span style=\"font-family: Arial,sans-serif;\">Sivaldo <\/span><span style=\"font-family: Arial,sans-serif;\">aos <\/span><span style=\"font-family: Arial,sans-serif;\">38<\/span><span style=\"font-family: Arial,sans-serif;\"> minutos (<\/span><span style=\"font-family: Arial,sans-serif;\">Volta\u00e7o<\/span><span style=\"font-family: Arial,sans-serif;\">); <\/span><span style=\"font-family: Arial,sans-serif;\">Jorginho, de p\u00eanalti, aos 45 minutos (Palmeiras), <\/span><span style=\"font-family: Arial,sans-serif;\">no <\/span><span style=\"font-family: Arial,sans-serif;\">1<\/span><span style=\"font-family: Arial,sans-serif;\">\u00ba tempo. <\/span><\/span><\/p>\n<p align=\"justify\"><span style=\"font-size: medium;\"><em><span style=\"font-family: Arial,sans-serif;\"><strong>FONTE: <\/strong><\/span><span style=\"font-family: Arial,sans-serif;\">Revista Placar<\/span><\/em><\/span><\/p>\n","protected":false},"excerpt":{"rendered":"<p>S.E. PALMEIRAS (SP)\u00a0 1 X 1\u00a0 VOLTA REDONDA (RJ) LOCAL: Est\u00e1dio Parque Antarctica, em S\u00e3o Paulo (SP) CAR\u00c1TER: Primeira Fase \u2013 2\u00aa Rodada \u2013 Ta\u00e7a de Prata de 1982 DATA: Quinta-feira, do dia 28 de Janeiro de 1982 \u00c1RBITRO: Lu\u00eds Cunha Martins (FGF\/RS) RENDA: Cr$ 2.014.500,00 P\u00daBLICO: 5.942 pagantes CART\u00c3O AMARELO: Paulo Verdum (Volta\u00e7o) PALMEIRAS:Gilmar; [&hellip;]<\/p>\n","protected":false},"author":55,"featured_media":0,"comment_status":"open","ping_status":"closed","sticky":false,"template":"","format":"standard","meta":{"footnotes":""},"categories":[203,292,83,3,47,76,51],"tags":[],"class_list":["post-99128","post","type-post","status-publish","format-standard","hentry","category-sergio-mello","category-brasil-serie-b","category-x9-curiosidades","category-historia-do-futebol","category-rio-de-janeiro","category-antigo-estado-do-rio","category-sao-paulo"],"_links":{"self":[{"href":"https:\/\/historiadofutebol.com\/blog\/index.php?rest_route=\/wp\/v2\/posts\/99128","targetHints":{"allow":["GET"]}}],"collection":[{"href":"https:\/\/historiadofutebol.com\/blog\/index.php?rest_route=\/wp\/v2\/posts"}],"about":[{"href":"https:\/\/historiadofutebol.com\/blog\/index.php?rest_route=\/wp\/v2\/types\/post"}],"author":[{"embeddable":true,"href":"https:\/\/historiadofutebol.com\/blog\/index.php?rest_route=\/wp\/v2\/users\/55"}],"replies":[{"embeddable":true,"href":"https:\/\/historiadofutebol.com\/blog\/index.php?rest_route=%2Fwp%2Fv2%2Fcomments&post=99128"}],"version-history":[{"count":3,"href":"https:\/\/historiadofutebol.com\/blog\/index.php?rest_route=\/wp\/v2\/posts\/99128\/revisions"}],"predecessor-version":[{"id":99131,"href":"https:\/\/historiadofutebol.com\/blog\/index.php?rest_route=\/wp\/v2\/posts\/99128\/revisions\/99131"}],"wp:attachment":[{"href":"https:\/\/historiadofutebol.com\/blog\/index.php?rest_route=%2Fwp%2Fv2%2Fmedia&parent=99128"}],"wp:term":[{"taxonomy":"category","embeddable":true,"href":"https:\/\/historiadofutebol.com\/blog\/index.php?rest_route=%2Fwp%2Fv2%2Fcategories&post=99128"},{"taxonomy":"post_tag","embeddable":true,"href":"https:\/\/historiadofutebol.com\/blog\/index.php?rest_route=%2Fwp%2Fv2%2Ftags&post=99128"}],"curies":[{"name":"wp","href":"https:\/\/api.w.org\/{rel}","templated":true}]}}