{"id":98577,"date":"2016-11-23T16:24:07","date_gmt":"2016-11-23T18:24:07","guid":{"rendered":"https:\/\/historiadofutebol.com\/blog\/?p=98577"},"modified":"2016-11-23T16:26:58","modified_gmt":"2016-11-23T18:26:58","slug":"foto-rara-de-20-de-setembro-de-1913-america-football-club-e-selecao-chilena","status":"publish","type":"post","link":"https:\/\/historiadofutebol.com\/blog\/?p=98577","title":{"rendered":"Foto Rara, de 27 de Setembro de 1913: Am\u00e9rica Football Club e Sele\u00e7\u00e3o Chilena"},"content":{"rendered":"<p align=\"justify\"><img loading=\"lazy\" decoding=\"async\" class=\"aligncenter size-full wp-image-98579\" title=\"00\" src=\"https:\/\/historiadofutebol.com\/blog\/wp-content\/uploads\/2016\/11\/00108.jpg\" alt=\"\" width=\"1400\" height=\"738\" srcset=\"https:\/\/historiadofutebol.com\/blog\/wp-content\/uploads\/2016\/11\/00108.jpg 1400w, https:\/\/historiadofutebol.com\/blog\/wp-content\/uploads\/2016\/11\/00108-300x158.jpg 300w, https:\/\/historiadofutebol.com\/blog\/wp-content\/uploads\/2016\/11\/00108-500x263.jpg 500w\" sizes=\"auto, (max-width: 1400px) 100vw, 1400px\" \/><\/p>\n<p align=\"justify\"><img loading=\"lazy\" decoding=\"async\" class=\"aligncenter size-full wp-image-98578\" title=\"01\" src=\"https:\/\/historiadofutebol.com\/blog\/wp-content\/uploads\/2016\/11\/0130.jpg\" alt=\"\" width=\"960\" height=\"670\" srcset=\"https:\/\/historiadofutebol.com\/blog\/wp-content\/uploads\/2016\/11\/0130.jpg 960w, https:\/\/historiadofutebol.com\/blog\/wp-content\/uploads\/2016\/11\/0130-300x209.jpg 300w, https:\/\/historiadofutebol.com\/blog\/wp-content\/uploads\/2016\/11\/0130-500x348.jpg 500w\" sizes=\"auto, (max-width: 960px) 100vw, 960px\" \/><\/p>\n<p align=\"justify\"><em><strong>FONTE: <\/strong>Revista Careta<\/em><span style=\"font-family: Arial,sans-serif;\"><span style=\"font-size: x-small;\"><em><strong><br \/>\n<\/strong><\/em><\/span><\/span><\/p>\n","protected":false},"excerpt":{"rendered":"<p>FONTE: Revista Careta<\/p>\n","protected":false},"author":55,"featured_media":0,"comment_status":"open","ping_status":"closed","sticky":false,"template":"","format":"standard","meta":{"footnotes":""},"categories":[203,83,345,3,47,76],"tags":[],"class_list":["post-98577","post","type-post","status-publish","format-standard","hentry","category-sergio-mello","category-x9-curiosidades","category-fotos-historicas","category-historia-do-futebol","category-rio-de-janeiro","category-antigo-estado-do-rio"],"_links":{"self":[{"href":"https:\/\/historiadofutebol.com\/blog\/index.php?rest_route=\/wp\/v2\/posts\/98577","targetHints":{"allow":["GET"]}}],"collection":[{"href":"https:\/\/historiadofutebol.com\/blog\/index.php?rest_route=\/wp\/v2\/posts"}],"about":[{"href":"https:\/\/historiadofutebol.com\/blog\/index.php?rest_route=\/wp\/v2\/types\/post"}],"author":[{"embeddable":true,"href":"https:\/\/historiadofutebol.com\/blog\/index.php?rest_route=\/wp\/v2\/users\/55"}],"replies":[{"embeddable":true,"href":"https:\/\/historiadofutebol.com\/blog\/index.php?rest_route=%2Fwp%2Fv2%2Fcomments&post=98577"}],"version-history":[{"count":3,"href":"https:\/\/historiadofutebol.com\/blog\/index.php?rest_route=\/wp\/v2\/posts\/98577\/revisions"}],"predecessor-version":[{"id":98581,"href":"https:\/\/historiadofutebol.com\/blog\/index.php?rest_route=\/wp\/v2\/posts\/98577\/revisions\/98581"}],"wp:attachment":[{"href":"https:\/\/historiadofutebol.com\/blog\/index.php?rest_route=%2Fwp%2Fv2%2Fmedia&parent=98577"}],"wp:term":[{"taxonomy":"category","embeddable":true,"href":"https:\/\/historiadofutebol.com\/blog\/index.php?rest_route=%2Fwp%2Fv2%2Fcategories&post=98577"},{"taxonomy":"post_tag","embeddable":true,"href":"https:\/\/historiadofutebol.com\/blog\/index.php?rest_route=%2Fwp%2Fv2%2Ftags&post=98577"}],"curies":[{"name":"wp","href":"https:\/\/api.w.org\/{rel}","templated":true}]}}