{"id":98574,"date":"2016-11-23T16:17:40","date_gmt":"2016-11-23T18:17:40","guid":{"rendered":"https:\/\/historiadofutebol.com\/blog\/?p=98574"},"modified":"2016-11-23T16:17:40","modified_gmt":"2016-11-23T18:17:40","slug":"foto-rara-de-20-de-setembro-de-1913-selecao-brasileira-e-selecao-chilena","status":"publish","type":"post","link":"https:\/\/historiadofutebol.com\/blog\/?p=98574","title":{"rendered":"Foto Rara, de 20 de Setembro de 1913: Sele\u00e7\u00e3o Brasileira e Sele\u00e7\u00e3o Chilena"},"content":{"rendered":"<p><img loading=\"lazy\" decoding=\"async\" class=\"aligncenter size-full wp-image-98575\" title=\"00\" src=\"https:\/\/historiadofutebol.com\/blog\/wp-content\/uploads\/2016\/11\/00107.jpg\" alt=\"\" width=\"1374\" height=\"710\" srcset=\"https:\/\/historiadofutebol.com\/blog\/wp-content\/uploads\/2016\/11\/00107.jpg 1374w, https:\/\/historiadofutebol.com\/blog\/wp-content\/uploads\/2016\/11\/00107-300x155.jpg 300w, https:\/\/historiadofutebol.com\/blog\/wp-content\/uploads\/2016\/11\/00107-500x258.jpg 500w\" sizes=\"auto, (max-width: 1374px) 100vw, 1374px\" \/><\/p>\n<p align=\"justify\"><span style=\"font-family: Arial,sans-serif;\"><span style=\"font-size: x-small;\"><em><strong>FONTE: <\/strong>Revista Careta<\/em><\/span><\/span><\/p>\n","protected":false},"excerpt":{"rendered":"<p>FONTE: Revista Careta<\/p>\n","protected":false},"author":55,"featured_media":0,"comment_status":"open","ping_status":"closed","sticky":false,"template":"","format":"standard","meta":{"footnotes":""},"categories":[203,68,856,83,345,3],"tags":[],"class_list":["post-98574","post","type-post","status-publish","format-standard","hentry","category-sergio-mello","category-blog-historia-do-futebol","category-brasil","category-x9-curiosidades","category-fotos-historicas","category-historia-do-futebol"],"_links":{"self":[{"href":"https:\/\/historiadofutebol.com\/blog\/index.php?rest_route=\/wp\/v2\/posts\/98574","targetHints":{"allow":["GET"]}}],"collection":[{"href":"https:\/\/historiadofutebol.com\/blog\/index.php?rest_route=\/wp\/v2\/posts"}],"about":[{"href":"https:\/\/historiadofutebol.com\/blog\/index.php?rest_route=\/wp\/v2\/types\/post"}],"author":[{"embeddable":true,"href":"https:\/\/historiadofutebol.com\/blog\/index.php?rest_route=\/wp\/v2\/users\/55"}],"replies":[{"embeddable":true,"href":"https:\/\/historiadofutebol.com\/blog\/index.php?rest_route=%2Fwp%2Fv2%2Fcomments&post=98574"}],"version-history":[{"count":1,"href":"https:\/\/historiadofutebol.com\/blog\/index.php?rest_route=\/wp\/v2\/posts\/98574\/revisions"}],"predecessor-version":[{"id":98576,"href":"https:\/\/historiadofutebol.com\/blog\/index.php?rest_route=\/wp\/v2\/posts\/98574\/revisions\/98576"}],"wp:attachment":[{"href":"https:\/\/historiadofutebol.com\/blog\/index.php?rest_route=%2Fwp%2Fv2%2Fmedia&parent=98574"}],"wp:term":[{"taxonomy":"category","embeddable":true,"href":"https:\/\/historiadofutebol.com\/blog\/index.php?rest_route=%2Fwp%2Fv2%2Fcategories&post=98574"},{"taxonomy":"post_tag","embeddable":true,"href":"https:\/\/historiadofutebol.com\/blog\/index.php?rest_route=%2Fwp%2Fv2%2Ftags&post=98574"}],"curies":[{"name":"wp","href":"https:\/\/api.w.org\/{rel}","templated":true}]}}