{"id":98503,"date":"2016-11-22T16:29:07","date_gmt":"2016-11-22T18:29:07","guid":{"rendered":"https:\/\/historiadofutebol.com\/blog\/?p=98503"},"modified":"2016-11-22T16:29:07","modified_gmt":"2016-11-22T18:29:07","slug":"poster-associacao-olimpica-de-itabaiana-campea-do-campeonato-sergipano-de-1978","status":"publish","type":"post","link":"https:\/\/historiadofutebol.com\/blog\/?p=98503","title":{"rendered":"P\u00f4ster: Associa\u00e7\u00e3o Olimpica de Itabaiana Campe\u00e3 do Campeonato Sergipano de 1978"},"content":{"rendered":"<p align=\"justify\">\u00a0<img loading=\"lazy\" decoding=\"async\" class=\"aligncenter size-full wp-image-98504\" title=\"001\" src=\"https:\/\/historiadofutebol.com\/blog\/wp-content\/uploads\/2016\/11\/00119.jpg\" alt=\"\" width=\"1552\" height=\"1140\" srcset=\"https:\/\/historiadofutebol.com\/blog\/wp-content\/uploads\/2016\/11\/00119.jpg 1552w, https:\/\/historiadofutebol.com\/blog\/wp-content\/uploads\/2016\/11\/00119-300x220.jpg 300w, https:\/\/historiadofutebol.com\/blog\/wp-content\/uploads\/2016\/11\/00119-500x367.jpg 500w\" sizes=\"auto, (max-width: 1552px) 100vw, 1552px\" \/><\/p>\n<p align=\"justify\"><span style=\"font-family: Arial,sans-serif;\"><span style=\"font-size: x-small;\"><em><strong>FONTE: <\/strong><\/em><\/span><\/span><span style=\"font-family: Arial,sans-serif;\"><span style=\"font-size: x-small;\"><em>Revista Placar<\/em><\/span><\/span><\/p>\n","protected":false},"excerpt":{"rendered":"<p>\u00a0 FONTE: Revista Placar<\/p>\n","protected":false},"author":55,"featured_media":0,"comment_status":"open","ping_status":"closed","sticky":false,"template":"","format":"standard","meta":{"footnotes":""},"categories":[203,83,345,3,52],"tags":[],"class_list":["post-98503","post","type-post","status-publish","format-standard","hentry","category-sergio-mello","category-x9-curiosidades","category-fotos-historicas","category-historia-do-futebol","category-sergipe"],"_links":{"self":[{"href":"https:\/\/historiadofutebol.com\/blog\/index.php?rest_route=\/wp\/v2\/posts\/98503","targetHints":{"allow":["GET"]}}],"collection":[{"href":"https:\/\/historiadofutebol.com\/blog\/index.php?rest_route=\/wp\/v2\/posts"}],"about":[{"href":"https:\/\/historiadofutebol.com\/blog\/index.php?rest_route=\/wp\/v2\/types\/post"}],"author":[{"embeddable":true,"href":"https:\/\/historiadofutebol.com\/blog\/index.php?rest_route=\/wp\/v2\/users\/55"}],"replies":[{"embeddable":true,"href":"https:\/\/historiadofutebol.com\/blog\/index.php?rest_route=%2Fwp%2Fv2%2Fcomments&post=98503"}],"version-history":[{"count":1,"href":"https:\/\/historiadofutebol.com\/blog\/index.php?rest_route=\/wp\/v2\/posts\/98503\/revisions"}],"predecessor-version":[{"id":98505,"href":"https:\/\/historiadofutebol.com\/blog\/index.php?rest_route=\/wp\/v2\/posts\/98503\/revisions\/98505"}],"wp:attachment":[{"href":"https:\/\/historiadofutebol.com\/blog\/index.php?rest_route=%2Fwp%2Fv2%2Fmedia&parent=98503"}],"wp:term":[{"taxonomy":"category","embeddable":true,"href":"https:\/\/historiadofutebol.com\/blog\/index.php?rest_route=%2Fwp%2Fv2%2Fcategories&post=98503"},{"taxonomy":"post_tag","embeddable":true,"href":"https:\/\/historiadofutebol.com\/blog\/index.php?rest_route=%2Fwp%2Fv2%2Ftags&post=98503"}],"curies":[{"name":"wp","href":"https:\/\/api.w.org\/{rel}","templated":true}]}}