{"id":98234,"date":"2016-11-17T23:46:41","date_gmt":"2016-11-18T01:46:41","guid":{"rendered":"https:\/\/historiadofutebol.com\/blog\/?p=98234"},"modified":"2016-11-17T23:46:41","modified_gmt":"2016-11-18T01:46:41","slug":"poster-de-1977-associacao-esportiva-aracatuba-aracatuba-sp","status":"publish","type":"post","link":"https:\/\/historiadofutebol.com\/blog\/?p=98234","title":{"rendered":"P\u00f4ster, de 1977: Associa\u00e7\u00e3o Esportiva Ara\u00e7atuba &#8211; Ara\u00e7atuba (SP)"},"content":{"rendered":"<p><img loading=\"lazy\" decoding=\"async\" class=\"aligncenter size-large wp-image-98235\" title=\"00\" src=\"https:\/\/historiadofutebol.com\/blog\/wp-content\/uploads\/2016\/11\/0080-500x300.jpg\" alt=\"\" width=\"500\" height=\"300\" srcset=\"https:\/\/historiadofutebol.com\/blog\/wp-content\/uploads\/2016\/11\/0080-500x300.jpg 500w, https:\/\/historiadofutebol.com\/blog\/wp-content\/uploads\/2016\/11\/0080-300x180.jpg 300w, https:\/\/historiadofutebol.com\/blog\/wp-content\/uploads\/2016\/11\/0080.jpg 1112w\" sizes=\"auto, (max-width: 500px) 100vw, 500px\" \/><\/p>\n<p><img loading=\"lazy\" decoding=\"async\" class=\"aligncenter size-full wp-image-98236\" title=\"01\" src=\"https:\/\/historiadofutebol.com\/blog\/wp-content\/uploads\/2016\/11\/0118.jpg\" alt=\"\" width=\"1024\" height=\"455\" srcset=\"https:\/\/historiadofutebol.com\/blog\/wp-content\/uploads\/2016\/11\/0118.jpg 1024w, https:\/\/historiadofutebol.com\/blog\/wp-content\/uploads\/2016\/11\/0118-300x133.jpg 300w, https:\/\/historiadofutebol.com\/blog\/wp-content\/uploads\/2016\/11\/0118-500x222.jpg 500w\" sizes=\"auto, (max-width: 1024px) 100vw, 1024px\" \/><\/p>\n<p><em><strong>FONTE:<\/strong> Revista Placar<\/em><\/p>\n","protected":false},"excerpt":{"rendered":"<p>FONTE: Revista Placar<\/p>\n","protected":false},"author":55,"featured_media":0,"comment_status":"open","ping_status":"closed","sticky":false,"template":"","format":"standard","meta":{"footnotes":""},"categories":[203,59,345,3,51],"tags":[],"class_list":["post-98234","post","type-post","status-publish","format-standard","hentry","category-sergio-mello","category-escudos","category-fotos-historicas","category-historia-do-futebol","category-sao-paulo"],"_links":{"self":[{"href":"https:\/\/historiadofutebol.com\/blog\/index.php?rest_route=\/wp\/v2\/posts\/98234","targetHints":{"allow":["GET"]}}],"collection":[{"href":"https:\/\/historiadofutebol.com\/blog\/index.php?rest_route=\/wp\/v2\/posts"}],"about":[{"href":"https:\/\/historiadofutebol.com\/blog\/index.php?rest_route=\/wp\/v2\/types\/post"}],"author":[{"embeddable":true,"href":"https:\/\/historiadofutebol.com\/blog\/index.php?rest_route=\/wp\/v2\/users\/55"}],"replies":[{"embeddable":true,"href":"https:\/\/historiadofutebol.com\/blog\/index.php?rest_route=%2Fwp%2Fv2%2Fcomments&post=98234"}],"version-history":[{"count":1,"href":"https:\/\/historiadofutebol.com\/blog\/index.php?rest_route=\/wp\/v2\/posts\/98234\/revisions"}],"predecessor-version":[{"id":98237,"href":"https:\/\/historiadofutebol.com\/blog\/index.php?rest_route=\/wp\/v2\/posts\/98234\/revisions\/98237"}],"wp:attachment":[{"href":"https:\/\/historiadofutebol.com\/blog\/index.php?rest_route=%2Fwp%2Fv2%2Fmedia&parent=98234"}],"wp:term":[{"taxonomy":"category","embeddable":true,"href":"https:\/\/historiadofutebol.com\/blog\/index.php?rest_route=%2Fwp%2Fv2%2Fcategories&post=98234"},{"taxonomy":"post_tag","embeddable":true,"href":"https:\/\/historiadofutebol.com\/blog\/index.php?rest_route=%2Fwp%2Fv2%2Ftags&post=98234"}],"curies":[{"name":"wp","href":"https:\/\/api.w.org\/{rel}","templated":true}]}}