{"id":97931,"date":"2016-11-14T15:13:01","date_gmt":"2016-11-14T17:13:01","guid":{"rendered":"https:\/\/historiadofutebol.com\/blog\/?p=97931"},"modified":"2016-11-14T16:27:07","modified_gmt":"2016-11-14T18:27:07","slug":"poster-c-e-operario-varzea-grandense-bicampeao-do-campeonato-mato-grossense-de-198586","status":"publish","type":"post","link":"https:\/\/historiadofutebol.com\/blog\/?p=97931","title":{"rendered":"P\u00f4ster: C.E. Oper\u00e1rio V\u00e1rzea-Grandense Bicampe\u00e3o do Campeonato Mato-Grossense de 1985\/86"},"content":{"rendered":"<p><img loading=\"lazy\" decoding=\"async\" class=\"aligncenter size-full wp-image-97932\" title=\"operario VG MT 1986 001\" src=\"https:\/\/historiadofutebol.com\/blog\/wp-content\/uploads\/2016\/11\/operario-VG-MT-1986-001.jpg\" alt=\"\" width=\"2084\" height=\"1550\" srcset=\"https:\/\/historiadofutebol.com\/blog\/wp-content\/uploads\/2016\/11\/operario-VG-MT-1986-001.jpg 2084w, https:\/\/historiadofutebol.com\/blog\/wp-content\/uploads\/2016\/11\/operario-VG-MT-1986-001-300x223.jpg 300w, https:\/\/historiadofutebol.com\/blog\/wp-content\/uploads\/2016\/11\/operario-VG-MT-1986-001-500x371.jpg 500w\" sizes=\"auto, (max-width: 2084px) 100vw, 2084px\" \/><\/p>\n<p><strong><em>FONTE:<\/em><\/strong><em>\u00a0Revista Placar<\/em><\/p>\n","protected":false},"excerpt":{"rendered":"<p>FONTE:\u00a0Revista Placar<\/p>\n","protected":false},"author":55,"featured_media":0,"comment_status":"open","ping_status":"closed","sticky":false,"template":"","format":"standard","meta":{"footnotes":""},"categories":[203,189,345,3,37],"tags":[],"class_list":["post-97931","post","type-post","status-publish","format-standard","hentry","category-sergio-mello","category-toninho-sereno","category-fotos-historicas","category-historia-do-futebol","category-mato-grosso"],"_links":{"self":[{"href":"https:\/\/historiadofutebol.com\/blog\/index.php?rest_route=\/wp\/v2\/posts\/97931","targetHints":{"allow":["GET"]}}],"collection":[{"href":"https:\/\/historiadofutebol.com\/blog\/index.php?rest_route=\/wp\/v2\/posts"}],"about":[{"href":"https:\/\/historiadofutebol.com\/blog\/index.php?rest_route=\/wp\/v2\/types\/post"}],"author":[{"embeddable":true,"href":"https:\/\/historiadofutebol.com\/blog\/index.php?rest_route=\/wp\/v2\/users\/55"}],"replies":[{"embeddable":true,"href":"https:\/\/historiadofutebol.com\/blog\/index.php?rest_route=%2Fwp%2Fv2%2Fcomments&post=97931"}],"version-history":[{"count":3,"href":"https:\/\/historiadofutebol.com\/blog\/index.php?rest_route=\/wp\/v2\/posts\/97931\/revisions"}],"predecessor-version":[{"id":97934,"href":"https:\/\/historiadofutebol.com\/blog\/index.php?rest_route=\/wp\/v2\/posts\/97931\/revisions\/97934"}],"wp:attachment":[{"href":"https:\/\/historiadofutebol.com\/blog\/index.php?rest_route=%2Fwp%2Fv2%2Fmedia&parent=97931"}],"wp:term":[{"taxonomy":"category","embeddable":true,"href":"https:\/\/historiadofutebol.com\/blog\/index.php?rest_route=%2Fwp%2Fv2%2Fcategories&post=97931"},{"taxonomy":"post_tag","embeddable":true,"href":"https:\/\/historiadofutebol.com\/blog\/index.php?rest_route=%2Fwp%2Fv2%2Ftags&post=97931"}],"curies":[{"name":"wp","href":"https:\/\/api.w.org\/{rel}","templated":true}]}}