{"id":97580,"date":"2016-11-09T20:21:56","date_gmt":"2016-11-09T22:21:56","guid":{"rendered":"https:\/\/historiadofutebol.com\/blog\/?p=97580"},"modified":"2016-11-09T20:22:39","modified_gmt":"2016-11-09T22:22:39","slug":"foto-rara-de-1936-escudo-diferente-da-associacao-esportiva-guaratingueta-sp","status":"publish","type":"post","link":"https:\/\/historiadofutebol.com\/blog\/?p=97580","title":{"rendered":"Foto Rara, de 1936: Escudo diferente da Associa\u00e7\u00e3o Esportiva Guaratinguet\u00e1 (SP)"},"content":{"rendered":"<p><img loading=\"lazy\" decoding=\"async\" class=\"aligncenter size-large wp-image-97581\" title=\"00\" src=\"https:\/\/historiadofutebol.com\/blog\/wp-content\/uploads\/2016\/11\/0045-500x309.jpg\" alt=\"\" width=\"500\" height=\"309\" srcset=\"https:\/\/historiadofutebol.com\/blog\/wp-content\/uploads\/2016\/11\/0045-500x309.jpg 500w, https:\/\/historiadofutebol.com\/blog\/wp-content\/uploads\/2016\/11\/0045-300x185.jpg 300w, https:\/\/historiadofutebol.com\/blog\/wp-content\/uploads\/2016\/11\/0045.jpg 1066w\" sizes=\"auto, (max-width: 500px) 100vw, 500px\" \/><\/p>\n<p><img loading=\"lazy\" decoding=\"async\" class=\"aligncenter size-full wp-image-97582\" title=\"AE Guaratingueta\" src=\"https:\/\/historiadofutebol.com\/blog\/wp-content\/uploads\/2016\/11\/AE-Guaratingueta.jpg\" alt=\"\" width=\"1392\" height=\"1464\" srcset=\"https:\/\/historiadofutebol.com\/blog\/wp-content\/uploads\/2016\/11\/AE-Guaratingueta.jpg 1392w, https:\/\/historiadofutebol.com\/blog\/wp-content\/uploads\/2016\/11\/AE-Guaratingueta-285x300.jpg 285w, https:\/\/historiadofutebol.com\/blog\/wp-content\/uploads\/2016\/11\/AE-Guaratingueta-475x500.jpg 475w, https:\/\/historiadofutebol.com\/blog\/wp-content\/uploads\/2016\/11\/AE-Guaratingueta-300x315.jpg 300w, https:\/\/historiadofutebol.com\/blog\/wp-content\/uploads\/2016\/11\/AE-Guaratingueta-24x24.jpg 24w\" sizes=\"auto, (max-width: 1392px) 100vw, 1392px\" \/><\/p>\n<p><em><strong>FONTE:<\/strong> Correio Paulistano<\/em><\/p>\n","protected":false},"excerpt":{"rendered":"<p>FONTE: Correio Paulistano<\/p>\n","protected":false},"author":55,"featured_media":0,"comment_status":"open","ping_status":"closed","sticky":false,"template":"","format":"standard","meta":{"footnotes":""},"categories":[203,83,59,345,3,51],"tags":[],"class_list":["post-97580","post","type-post","status-publish","format-standard","hentry","category-sergio-mello","category-x9-curiosidades","category-escudos","category-fotos-historicas","category-historia-do-futebol","category-sao-paulo"],"_links":{"self":[{"href":"https:\/\/historiadofutebol.com\/blog\/index.php?rest_route=\/wp\/v2\/posts\/97580","targetHints":{"allow":["GET"]}}],"collection":[{"href":"https:\/\/historiadofutebol.com\/blog\/index.php?rest_route=\/wp\/v2\/posts"}],"about":[{"href":"https:\/\/historiadofutebol.com\/blog\/index.php?rest_route=\/wp\/v2\/types\/post"}],"author":[{"embeddable":true,"href":"https:\/\/historiadofutebol.com\/blog\/index.php?rest_route=\/wp\/v2\/users\/55"}],"replies":[{"embeddable":true,"href":"https:\/\/historiadofutebol.com\/blog\/index.php?rest_route=%2Fwp%2Fv2%2Fcomments&post=97580"}],"version-history":[{"count":2,"href":"https:\/\/historiadofutebol.com\/blog\/index.php?rest_route=\/wp\/v2\/posts\/97580\/revisions"}],"predecessor-version":[{"id":97584,"href":"https:\/\/historiadofutebol.com\/blog\/index.php?rest_route=\/wp\/v2\/posts\/97580\/revisions\/97584"}],"wp:attachment":[{"href":"https:\/\/historiadofutebol.com\/blog\/index.php?rest_route=%2Fwp%2Fv2%2Fmedia&parent=97580"}],"wp:term":[{"taxonomy":"category","embeddable":true,"href":"https:\/\/historiadofutebol.com\/blog\/index.php?rest_route=%2Fwp%2Fv2%2Fcategories&post=97580"},{"taxonomy":"post_tag","embeddable":true,"href":"https:\/\/historiadofutebol.com\/blog\/index.php?rest_route=%2Fwp%2Fv2%2Ftags&post=97580"}],"curies":[{"name":"wp","href":"https:\/\/api.w.org\/{rel}","templated":true}]}}