{"id":97568,"date":"2016-11-08T21:39:55","date_gmt":"2016-11-08T23:39:55","guid":{"rendered":"https:\/\/historiadofutebol.com\/blog\/?p=97568"},"modified":"2016-11-08T21:39:55","modified_gmt":"2016-11-08T23:39:55","slug":"poster-de-1971-sporting-club-do-para-belem-pa","status":"publish","type":"post","link":"https:\/\/historiadofutebol.com\/blog\/?p=97568","title":{"rendered":"P\u00f4ster de 1971: Sporting Club do Par\u00e1 &#8211; Bel\u00e9m (PA)"},"content":{"rendered":"<p><img loading=\"lazy\" decoding=\"async\" class=\"aligncenter size-large wp-image-97570\" title=\"03\" src=\"https:\/\/historiadofutebol.com\/blog\/wp-content\/uploads\/2016\/11\/03-500x312.jpg\" alt=\"\" width=\"500\" height=\"312\" srcset=\"https:\/\/historiadofutebol.com\/blog\/wp-content\/uploads\/2016\/11\/03-500x312.jpg 500w, https:\/\/historiadofutebol.com\/blog\/wp-content\/uploads\/2016\/11\/03-300x187.jpg 300w, https:\/\/historiadofutebol.com\/blog\/wp-content\/uploads\/2016\/11\/03.jpg 1160w\" sizes=\"auto, (max-width: 500px) 100vw, 500px\" \/><\/p>\n<p><img loading=\"lazy\" decoding=\"async\" class=\"aligncenter size-full wp-image-97569\" title=\"02\" src=\"https:\/\/historiadofutebol.com\/blog\/wp-content\/uploads\/2016\/11\/022.jpg\" alt=\"\" width=\"555\" height=\"198\" srcset=\"https:\/\/historiadofutebol.com\/blog\/wp-content\/uploads\/2016\/11\/022.jpg 555w, https:\/\/historiadofutebol.com\/blog\/wp-content\/uploads\/2016\/11\/022-300x107.jpg 300w, https:\/\/historiadofutebol.com\/blog\/wp-content\/uploads\/2016\/11\/022-500x178.jpg 500w\" sizes=\"auto, (max-width: 555px) 100vw, 555px\" \/><\/p>\n<p><img loading=\"lazy\" decoding=\"async\" class=\"aligncenter size-full wp-image-97571\" title=\"01\" src=\"https:\/\/historiadofutebol.com\/blog\/wp-content\/uploads\/2016\/11\/015.jpg\" alt=\"\" width=\"1230\" height=\"508\" srcset=\"https:\/\/historiadofutebol.com\/blog\/wp-content\/uploads\/2016\/11\/015.jpg 1230w, https:\/\/historiadofutebol.com\/blog\/wp-content\/uploads\/2016\/11\/015-300x123.jpg 300w, https:\/\/historiadofutebol.com\/blog\/wp-content\/uploads\/2016\/11\/015-500x206.jpg 500w\" sizes=\"auto, (max-width: 1230px) 100vw, 1230px\" \/><\/p>\n<p><em><strong>FONTE:<\/strong> Revista Placar<\/em><\/p>\n","protected":false},"excerpt":{"rendered":"<p>FONTE: Revista Placar<\/p>\n","protected":false},"author":55,"featured_media":0,"comment_status":"open","ping_status":"closed","sticky":false,"template":"","format":"standard","meta":{"footnotes":""},"categories":[203,59,345,3,42],"tags":[],"class_list":["post-97568","post","type-post","status-publish","format-standard","hentry","category-sergio-mello","category-escudos","category-fotos-historicas","category-historia-do-futebol","category-para"],"_links":{"self":[{"href":"https:\/\/historiadofutebol.com\/blog\/index.php?rest_route=\/wp\/v2\/posts\/97568","targetHints":{"allow":["GET"]}}],"collection":[{"href":"https:\/\/historiadofutebol.com\/blog\/index.php?rest_route=\/wp\/v2\/posts"}],"about":[{"href":"https:\/\/historiadofutebol.com\/blog\/index.php?rest_route=\/wp\/v2\/types\/post"}],"author":[{"embeddable":true,"href":"https:\/\/historiadofutebol.com\/blog\/index.php?rest_route=\/wp\/v2\/users\/55"}],"replies":[{"embeddable":true,"href":"https:\/\/historiadofutebol.com\/blog\/index.php?rest_route=%2Fwp%2Fv2%2Fcomments&post=97568"}],"version-history":[{"count":2,"href":"https:\/\/historiadofutebol.com\/blog\/index.php?rest_route=\/wp\/v2\/posts\/97568\/revisions"}],"predecessor-version":[{"id":97573,"href":"https:\/\/historiadofutebol.com\/blog\/index.php?rest_route=\/wp\/v2\/posts\/97568\/revisions\/97573"}],"wp:attachment":[{"href":"https:\/\/historiadofutebol.com\/blog\/index.php?rest_route=%2Fwp%2Fv2%2Fmedia&parent=97568"}],"wp:term":[{"taxonomy":"category","embeddable":true,"href":"https:\/\/historiadofutebol.com\/blog\/index.php?rest_route=%2Fwp%2Fv2%2Fcategories&post=97568"},{"taxonomy":"post_tag","embeddable":true,"href":"https:\/\/historiadofutebol.com\/blog\/index.php?rest_route=%2Fwp%2Fv2%2Ftags&post=97568"}],"curies":[{"name":"wp","href":"https:\/\/api.w.org\/{rel}","templated":true}]}}