{"id":96925,"date":"2016-10-26T18:09:24","date_gmt":"2016-10-26T20:09:24","guid":{"rendered":"https:\/\/historiadofutebol.com\/blog\/?p=96925"},"modified":"2016-10-26T18:09:39","modified_gmt":"2016-10-26T20:09:39","slug":"foto-historica-fluminense-itajai-1930","status":"publish","type":"post","link":"https:\/\/historiadofutebol.com\/blog\/?p=96925","title":{"rendered":"Foto Hist\u00f3rica: Fluminense (Itaja\u00ed) &#8211; 1930"},"content":{"rendered":"<p style=\"text-align: center\"><a href=\"https:\/\/historiadofutebol.com\/blog\/?attachment_id=96926\" rel=\"attachment wp-att-96926\"><img loading=\"lazy\" decoding=\"async\" class=\"aligncenter size-large wp-image-96926\" src=\"https:\/\/historiadofutebol.com\/blog\/wp-content\/uploads\/2016\/10\/fluminense-itajai-1930-500x319.jpg\" alt=\"\" width=\"500\" height=\"319\" srcset=\"https:\/\/historiadofutebol.com\/blog\/wp-content\/uploads\/2016\/10\/fluminense-itajai-1930-500x319.jpg 500w, https:\/\/historiadofutebol.com\/blog\/wp-content\/uploads\/2016\/10\/fluminense-itajai-1930-300x191.jpg 300w, https:\/\/historiadofutebol.com\/blog\/wp-content\/uploads\/2016\/10\/fluminense-itajai-1930.jpg 786w\" sizes=\"auto, (max-width: 500px) 100vw, 500px\" \/><\/a>Fluminense de Itaja\u00ed &#8211; 1930<\/p>\n<p style=\"text-align: left\">Mais informa\u00e7\u00f5es sobre este time podem ser encontrada no <a href=\"https:\/\/historiadofutebol.com\/blog\/?p=81180\">artigo de C\u00edcero Alves<\/a>.<\/p>\n<p style=\"text-align: left\">Fonte: Acervo pessoal de Camilo Mussi<\/p>\n<p style=\"text-align: center\">\n","protected":false},"excerpt":{"rendered":"<p>Fluminense de Itaja\u00ed &#8211; 1930 Mais informa\u00e7\u00f5es sobre este time podem ser encontrada no artigo de C\u00edcero Alves. Fonte: Acervo pessoal de Camilo Mussi<\/p>\n","protected":false},"author":63,"featured_media":0,"comment_status":"open","ping_status":"closed","sticky":false,"template":"","format":"standard","meta":{"footnotes":""},"categories":[644,345,50],"tags":[881,642,802],"class_list":["post-96925","post","type-post","status-publish","format-standard","hentry","category-fernando-alecio","category-fotos-historicas","category-santa-catarina","tag-fotos","tag-itajai","tag-santa-catarina-2"],"_links":{"self":[{"href":"https:\/\/historiadofutebol.com\/blog\/index.php?rest_route=\/wp\/v2\/posts\/96925","targetHints":{"allow":["GET"]}}],"collection":[{"href":"https:\/\/historiadofutebol.com\/blog\/index.php?rest_route=\/wp\/v2\/posts"}],"about":[{"href":"https:\/\/historiadofutebol.com\/blog\/index.php?rest_route=\/wp\/v2\/types\/post"}],"author":[{"embeddable":true,"href":"https:\/\/historiadofutebol.com\/blog\/index.php?rest_route=\/wp\/v2\/users\/63"}],"replies":[{"embeddable":true,"href":"https:\/\/historiadofutebol.com\/blog\/index.php?rest_route=%2Fwp%2Fv2%2Fcomments&post=96925"}],"version-history":[{"count":7,"href":"https:\/\/historiadofutebol.com\/blog\/index.php?rest_route=\/wp\/v2\/posts\/96925\/revisions"}],"predecessor-version":[{"id":96934,"href":"https:\/\/historiadofutebol.com\/blog\/index.php?rest_route=\/wp\/v2\/posts\/96925\/revisions\/96934"}],"wp:attachment":[{"href":"https:\/\/historiadofutebol.com\/blog\/index.php?rest_route=%2Fwp%2Fv2%2Fmedia&parent=96925"}],"wp:term":[{"taxonomy":"category","embeddable":true,"href":"https:\/\/historiadofutebol.com\/blog\/index.php?rest_route=%2Fwp%2Fv2%2Fcategories&post=96925"},{"taxonomy":"post_tag","embeddable":true,"href":"https:\/\/historiadofutebol.com\/blog\/index.php?rest_route=%2Fwp%2Fv2%2Ftags&post=96925"}],"curies":[{"name":"wp","href":"https:\/\/api.w.org\/{rel}","templated":true}]}}