{"id":9668,"date":"2010-07-30T10:31:53","date_gmt":"2010-07-30T13:31:53","guid":{"rendered":"https:\/\/historiadofutebol.com\/blog\/?p=9668"},"modified":"2010-07-30T10:31:53","modified_gmt":"2010-07-30T13:31:53","slug":"cartaz-anunciando-jogo-de-futebol","status":"publish","type":"post","link":"https:\/\/historiadofutebol.com\/blog\/?p=9668","title":{"rendered":"Cartaz anunciando jogo de futebol"},"content":{"rendered":"<p><img decoding=\"async\" class=\"alignleft size-full wp-image-9667\" title=\"belenense x real\" src=\"https:\/\/historiadofutebol.com\/blog\/wp-content\/uploads\/2010\/07\/belenense-x-real.bmp\" alt=\"belenense x real\" \/><\/p>\n<p>O <strong>Est\u00e1dio Santiago Bernab\u00e9u<\/strong> \u00e9 um <a title=\"Est\u00e1dio\" href=\"http:\/\/pt.wikipedia.org\/wiki\/Est%C3%A1dio\">est\u00e1dio<\/a> de <a title=\"Futebol\" href=\"http:\/\/pt.wikipedia.org\/wiki\/Futebol\">futebol<\/a> localizado em <a title=\"Madrid\" href=\"http:\/\/pt.wikipedia.org\/wiki\/Madrid\">Madrid<\/a> (<a title=\"Espanha\" href=\"http:\/\/pt.wikipedia.org\/wiki\/Espanha\">Espanha<\/a>), de propriedade do <a title=\"Real Madrid\" href=\"http:\/\/pt.wikipedia.org\/wiki\/Real_Madrid\">Real Madrid<\/a>.<\/p>\n<p>Localizado no lugar do antigo est\u00e1dio do <a title=\"Real Madrid\" href=\"http:\/\/pt.wikipedia.org\/wiki\/Real_Madrid\">Real Madrid<\/a>, o Est\u00e1dio Charmat\u00edn, o Santiago Bernab\u00e9u foi projetado por Luis Alemany Soler e Manuel Mu\u00f1oz Monasterio, o <a title=\"Est\u00e1dio\" href=\"http:\/\/pt.wikipedia.org\/wiki\/Est%C3%A1dio\">est\u00e1dio<\/a> teve sua pedra fundamental instalada em <a title=\"27 de Outubro\" href=\"http:\/\/pt.wikipedia.org\/wiki\/27_de_Outubro\">27 de Outubro<\/a> de <a title=\"1944\" href=\"http:\/\/pt.wikipedia.org\/wiki\/1944\">1944<\/a>.<\/p>\n<p>Foi inaugurado em <a title=\"14 de dezembro\" href=\"http:\/\/pt.wikipedia.org\/wiki\/14_de_dezembro\">14 de dezembro<\/a> de <a title=\"1947\" href=\"http:\/\/pt.wikipedia.org\/wiki\/1947\">1947<\/a> numa partida o <a title=\"Real Madrid\" href=\"http:\/\/pt.wikipedia.org\/wiki\/Real_Madrid\">Real Madrid<\/a> e <a title=\"Belenenses\" href=\"http:\/\/pt.wikipedia.org\/wiki\/Belenenses\">Belenenses<\/a> de <a title=\"Portugal\" href=\"http:\/\/pt.wikipedia.org\/wiki\/Portugal\">Portugal<\/a>, com o nome de <strong>Est\u00e1dio Chamart\u00edn<\/strong>. \u00c0 \u00e9poca possu\u00eda uma capacidade para 75.145 espectadores, dos quais 27.645 tinham assentos (7.125 cobertos) e 47.500 de p\u00e9 (2 mil cobertos).<\/p>\n<p>Em <a title=\"4 de janeiro\" href=\"http:\/\/pt.wikipedia.org\/wiki\/4_de_janeiro\">4 de janeiro<\/a> de <a title=\"1955\" href=\"http:\/\/pt.wikipedia.org\/wiki\/1955\">1955<\/a>, depois de uma grande remodela\u00e7\u00e3o, reuniu-se a Assembleia Geral de S\u00f3cios Compromiss\u00e1rios, quando resolveu-se adoptar o nome actual, em homenagem ao ex-presidente do clube e principal art\u00edfice da constru\u00e7\u00e3o do est\u00e1dio, o dirigente <a title=\"Santiago Bernab\u00e9u\" href=\"http:\/\/pt.wikipedia.org\/wiki\/Santiago_Bernab%C3%A9u\">Santiago Bernab\u00e9u<\/a>.<\/p>\n<p><img loading=\"lazy\" decoding=\"async\" class=\"alignleft size-thumbnail wp-image-9669\" title=\"jogo do flu\" src=\"https:\/\/historiadofutebol.com\/blog\/wp-content\/uploads\/2010\/07\/jogo-do-flu-150x150.jpg\" alt=\"jogo do flu\" width=\"150\" height=\"150\" \/><\/p>\n<p>A foto em destaque \u00e9 uma reprodu\u00e7\u00e3o do arquivo do Fluminense Futebol Clube, que mostra um cartaz anunciando os tr\u00eas jogos daquela equipe inglesa entre n\u00f3s, contra um combinado de jogadores ingleses dos clubes cariocas (3 a 0), uma sele\u00e7\u00e3o carioca (5 a 3) e um combinado de jogadores do Rio e de S\u00e3o Paulo que pela primeira vez vestiu a camisa da CBD, vencendo por 2 a 0.<\/p>\n<p>Naquele 21 de julho de 1914, a Sele\u00e7\u00e3o Brasileira entrou em campo pela primeira vez em sua hist\u00f3ria com Marcos (Fluminense), P\u00edndaro (Flamengo) e Nery (Flamengo); Lagreca (S\u00e3o Bento-SP), Rubens Salles (Paulistano) e Rolando (Botafogo-RJ); Abelardo (Botafogo-RJ), Oswaldo Gomes (Fluminense), Friedenreich (Ypiranga-SP), Osman (Am\u00e9rica-RJ) e Formiga (Ypiranga-SP). O capit\u00e3o era Rubens Salles, que formava a comiss\u00e3o t\u00e9cnica junto com S\u00edlvio Lagreca. Osvaldo Gomes, aos 28 minutos do primeiro tempo, marcou o primeiro de todos os gols da Sele\u00e7\u00e3o Brasileira. Osman, aos 36, tamb\u00e9m na primeira etapa, fechou o placar em 2 a 0. Estima-se que ente 3.000 e 5.000 pessoas tenham presenciado aquele jogo no est\u00e1dio do Fluminense. Dois meses depois, em 20 de setembro daquele mesmo ano, o Brasil realizava seu primeiro jogo considerado oficial (contra outra sele\u00e7\u00e3o): derrota para a Argentina por 3 a 0, no campo do Gimnasia y Esgrima, em Buenos Aires, em um amistoso.      <span> Postado por <span>http:\/\/www.lojafutebolretro.com.br<\/span><\/span><\/p>\n<p><span><span><br \/>\n<\/span><\/span><\/p>\n","protected":false},"excerpt":{"rendered":"<p>O Est\u00e1dio Santiago Bernab\u00e9u \u00e9 um est\u00e1dio de futebol localizado em Madrid (Espanha), de propriedade do Real Madrid. Localizado no lugar do antigo est\u00e1dio do Real Madrid, o Est\u00e1dio Charmat\u00edn, o Santiago Bernab\u00e9u foi projetado por Luis Alemany Soler e Manuel Mu\u00f1oz Monasterio, o est\u00e1dio teve sua pedra fundamental instalada em 27 de Outubro de [&hellip;]<\/p>\n","protected":false},"author":24,"featured_media":0,"comment_status":"open","ping_status":"closed","sticky":false,"template":"","format":"standard","meta":{"footnotes":""},"categories":[142],"tags":[],"class_list":["post-9668","post","type-post","status-publish","format-standard","hentry","category-gilberto-maluf"],"_links":{"self":[{"href":"https:\/\/historiadofutebol.com\/blog\/index.php?rest_route=\/wp\/v2\/posts\/9668","targetHints":{"allow":["GET"]}}],"collection":[{"href":"https:\/\/historiadofutebol.com\/blog\/index.php?rest_route=\/wp\/v2\/posts"}],"about":[{"href":"https:\/\/historiadofutebol.com\/blog\/index.php?rest_route=\/wp\/v2\/types\/post"}],"author":[{"embeddable":true,"href":"https:\/\/historiadofutebol.com\/blog\/index.php?rest_route=\/wp\/v2\/users\/24"}],"replies":[{"embeddable":true,"href":"https:\/\/historiadofutebol.com\/blog\/index.php?rest_route=%2Fwp%2Fv2%2Fcomments&post=9668"}],"version-history":[{"count":1,"href":"https:\/\/historiadofutebol.com\/blog\/index.php?rest_route=\/wp\/v2\/posts\/9668\/revisions"}],"predecessor-version":[{"id":9670,"href":"https:\/\/historiadofutebol.com\/blog\/index.php?rest_route=\/wp\/v2\/posts\/9668\/revisions\/9670"}],"wp:attachment":[{"href":"https:\/\/historiadofutebol.com\/blog\/index.php?rest_route=%2Fwp%2Fv2%2Fmedia&parent=9668"}],"wp:term":[{"taxonomy":"category","embeddable":true,"href":"https:\/\/historiadofutebol.com\/blog\/index.php?rest_route=%2Fwp%2Fv2%2Fcategories&post=9668"},{"taxonomy":"post_tag","embeddable":true,"href":"https:\/\/historiadofutebol.com\/blog\/index.php?rest_route=%2Fwp%2Fv2%2Ftags&post=9668"}],"curies":[{"name":"wp","href":"https:\/\/api.w.org\/{rel}","templated":true}]}}