{"id":96547,"date":"2016-10-24T20:23:43","date_gmt":"2016-10-24T22:23:43","guid":{"rendered":"https:\/\/historiadofutebol.com\/blog\/?p=96547"},"modified":"2016-10-24T20:23:43","modified_gmt":"2016-10-24T22:23:43","slug":"associacao-atletica-jacare-rio-de-janeiro-rj-fundado-em-1946","status":"publish","type":"post","link":"https:\/\/historiadofutebol.com\/blog\/?p=96547","title":{"rendered":"Associa\u00e7\u00e3o Atl\u00e9tica Jacar\u00e9 &#8211; Rio de Janeiro (RJ): Fundado em 1946"},"content":{"rendered":"<p><img loading=\"lazy\" decoding=\"async\" class=\"aligncenter size-large wp-image-96549\" title=\"01\" src=\"https:\/\/historiadofutebol.com\/blog\/wp-content\/uploads\/2016\/10\/0122-406x500.jpg\" alt=\"\" width=\"406\" height=\"500\" srcset=\"https:\/\/historiadofutebol.com\/blog\/wp-content\/uploads\/2016\/10\/0122-406x500.jpg 406w, https:\/\/historiadofutebol.com\/blog\/wp-content\/uploads\/2016\/10\/0122-243x300.jpg 243w, https:\/\/historiadofutebol.com\/blog\/wp-content\/uploads\/2016\/10\/0122-300x369.jpg 300w, https:\/\/historiadofutebol.com\/blog\/wp-content\/uploads\/2016\/10\/0122.jpg 572w\" sizes=\"auto, (max-width: 406px) 100vw, 406px\" \/><\/p>\n<div id=\"attachment_96548\" style=\"width: 1078px\" class=\"wp-caption aligncenter\"><img loading=\"lazy\" decoding=\"async\" aria-describedby=\"caption-attachment-96548\" class=\"size-full wp-image-96548\" title=\"00\" src=\"https:\/\/historiadofutebol.com\/blog\/wp-content\/uploads\/2016\/10\/0050.jpg\" alt=\"\" width=\"1068\" height=\"608\" srcset=\"https:\/\/historiadofutebol.com\/blog\/wp-content\/uploads\/2016\/10\/0050.jpg 1068w, https:\/\/historiadofutebol.com\/blog\/wp-content\/uploads\/2016\/10\/0050-300x170.jpg 300w, https:\/\/historiadofutebol.com\/blog\/wp-content\/uploads\/2016\/10\/0050-500x284.jpg 500w\" sizes=\"auto, (max-width: 1068px) 100vw, 1068px\" \/><p id=\"caption-attachment-96548\" class=\"wp-caption-text\">A Sede em p\u00e9ssimo estado de conserva\u00e7\u00e3o<\/p><\/div>\n<p><img loading=\"lazy\" decoding=\"async\" class=\"aligncenter size-full wp-image-96550\" title=\"02\" src=\"https:\/\/historiadofutebol.com\/blog\/wp-content\/uploads\/2016\/10\/0215.jpg\" alt=\"\" width=\"812\" height=\"1054\" srcset=\"https:\/\/historiadofutebol.com\/blog\/wp-content\/uploads\/2016\/10\/0215.jpg 812w, https:\/\/historiadofutebol.com\/blog\/wp-content\/uploads\/2016\/10\/0215-231x300.jpg 231w, https:\/\/historiadofutebol.com\/blog\/wp-content\/uploads\/2016\/10\/0215-385x500.jpg 385w, https:\/\/historiadofutebol.com\/blog\/wp-content\/uploads\/2016\/10\/0215-300x389.jpg 300w\" sizes=\"auto, (max-width: 812px) 100vw, 812px\" \/><\/p>\n<p><em><strong>FONTES:<\/strong> Google Maps &#8211; Mercado Livre<\/em><\/p>\n","protected":false},"excerpt":{"rendered":"<p>FONTES: Google Maps &#8211; Mercado Livre<\/p>\n","protected":false},"author":55,"featured_media":0,"comment_status":"open","ping_status":"closed","sticky":false,"template":"","format":"standard","meta":{"footnotes":""},"categories":[203,59,345,3,47,76],"tags":[],"class_list":["post-96547","post","type-post","status-publish","format-standard","hentry","category-sergio-mello","category-escudos","category-fotos-historicas","category-historia-do-futebol","category-rio-de-janeiro","category-antigo-estado-do-rio"],"_links":{"self":[{"href":"https:\/\/historiadofutebol.com\/blog\/index.php?rest_route=\/wp\/v2\/posts\/96547","targetHints":{"allow":["GET"]}}],"collection":[{"href":"https:\/\/historiadofutebol.com\/blog\/index.php?rest_route=\/wp\/v2\/posts"}],"about":[{"href":"https:\/\/historiadofutebol.com\/blog\/index.php?rest_route=\/wp\/v2\/types\/post"}],"author":[{"embeddable":true,"href":"https:\/\/historiadofutebol.com\/blog\/index.php?rest_route=\/wp\/v2\/users\/55"}],"replies":[{"embeddable":true,"href":"https:\/\/historiadofutebol.com\/blog\/index.php?rest_route=%2Fwp%2Fv2%2Fcomments&post=96547"}],"version-history":[{"count":2,"href":"https:\/\/historiadofutebol.com\/blog\/index.php?rest_route=\/wp\/v2\/posts\/96547\/revisions"}],"predecessor-version":[{"id":96552,"href":"https:\/\/historiadofutebol.com\/blog\/index.php?rest_route=\/wp\/v2\/posts\/96547\/revisions\/96552"}],"wp:attachment":[{"href":"https:\/\/historiadofutebol.com\/blog\/index.php?rest_route=%2Fwp%2Fv2%2Fmedia&parent=96547"}],"wp:term":[{"taxonomy":"category","embeddable":true,"href":"https:\/\/historiadofutebol.com\/blog\/index.php?rest_route=%2Fwp%2Fv2%2Fcategories&post=96547"},{"taxonomy":"post_tag","embeddable":true,"href":"https:\/\/historiadofutebol.com\/blog\/index.php?rest_route=%2Fwp%2Fv2%2Ftags&post=96547"}],"curies":[{"name":"wp","href":"https:\/\/api.w.org\/{rel}","templated":true}]}}