{"id":93972,"date":"2016-09-01T16:06:03","date_gmt":"2016-09-01T19:06:03","guid":{"rendered":"https:\/\/historiadofutebol.com\/blog\/?p=93972"},"modified":"2016-09-01T16:06:16","modified_gmt":"2016-09-01T19:06:16","slug":"grau-de-exigencia-da-imprensa-paulista-em-1949","status":"publish","type":"post","link":"https:\/\/historiadofutebol.com\/blog\/?p=93972","title":{"rendered":"Grau de exig\u00eancia da imprensa paulista em 1949"},"content":{"rendered":"<p>Interessante t\u00edtulo do peri\u00f3dico &#8220;Jornal de Not\u00edcias&#8221; de S\u00e3o Paulo\/SP da data de 19 de abril de 1949, sobre a atua\u00e7\u00e3o da sele\u00e7\u00e3o brasileira no Campeonato Sul Americano:<\/p>\n<p><a href=\"https:\/\/historiadofutebol.com\/blog\/?attachment_id=93973\" rel=\"attachment wp-att-93973\"><img loading=\"lazy\" decoding=\"async\" class=\"aligncenter size-large wp-image-93973\" title=\"49\" src=\"https:\/\/historiadofutebol.com\/blog\/wp-content\/uploads\/2016\/09\/49-500x220.jpg\" alt=\"\" width=\"500\" height=\"220\" srcset=\"https:\/\/historiadofutebol.com\/blog\/wp-content\/uploads\/2016\/09\/49-500x220.jpg 500w, https:\/\/historiadofutebol.com\/blog\/wp-content\/uploads\/2016\/09\/49-300x132.jpg 300w, https:\/\/historiadofutebol.com\/blog\/wp-content\/uploads\/2016\/09\/49.jpg 1265w\" sizes=\"auto, (max-width: 500px) 100vw, 500px\" \/><\/a><\/p>\n<p>&nbsp;<\/p>\n","protected":false},"excerpt":{"rendered":"<p>Interessante t\u00edtulo do peri\u00f3dico &#8220;Jornal de Not\u00edcias&#8221; de S\u00e3o Paulo\/SP da data de 19 de abril de 1949, sobre a atua\u00e7\u00e3o da sele\u00e7\u00e3o brasileira no Campeonato Sul Americano: &nbsp;<\/p>\n","protected":false},"author":6,"featured_media":0,"comment_status":"open","ping_status":"closed","sticky":false,"template":"","format":"standard","meta":{"footnotes":""},"categories":[96,83,3],"tags":[],"class_list":["post-93972","post","type-post","status-publish","format-standard","hentry","category-julio-diogo","category-x9-curiosidades","category-historia-do-futebol"],"_links":{"self":[{"href":"https:\/\/historiadofutebol.com\/blog\/index.php?rest_route=\/wp\/v2\/posts\/93972","targetHints":{"allow":["GET"]}}],"collection":[{"href":"https:\/\/historiadofutebol.com\/blog\/index.php?rest_route=\/wp\/v2\/posts"}],"about":[{"href":"https:\/\/historiadofutebol.com\/blog\/index.php?rest_route=\/wp\/v2\/types\/post"}],"author":[{"embeddable":true,"href":"https:\/\/historiadofutebol.com\/blog\/index.php?rest_route=\/wp\/v2\/users\/6"}],"replies":[{"embeddable":true,"href":"https:\/\/historiadofutebol.com\/blog\/index.php?rest_route=%2Fwp%2Fv2%2Fcomments&post=93972"}],"version-history":[{"count":2,"href":"https:\/\/historiadofutebol.com\/blog\/index.php?rest_route=\/wp\/v2\/posts\/93972\/revisions"}],"predecessor-version":[{"id":93975,"href":"https:\/\/historiadofutebol.com\/blog\/index.php?rest_route=\/wp\/v2\/posts\/93972\/revisions\/93975"}],"wp:attachment":[{"href":"https:\/\/historiadofutebol.com\/blog\/index.php?rest_route=%2Fwp%2Fv2%2Fmedia&parent=93972"}],"wp:term":[{"taxonomy":"category","embeddable":true,"href":"https:\/\/historiadofutebol.com\/blog\/index.php?rest_route=%2Fwp%2Fv2%2Fcategories&post=93972"},{"taxonomy":"post_tag","embeddable":true,"href":"https:\/\/historiadofutebol.com\/blog\/index.php?rest_route=%2Fwp%2Fv2%2Ftags&post=93972"}],"curies":[{"name":"wp","href":"https:\/\/api.w.org\/{rel}","templated":true}]}}