{"id":93679,"date":"2016-08-27T15:45:32","date_gmt":"2016-08-27T18:45:32","guid":{"rendered":"https:\/\/historiadofutebol.com\/blog\/?p=93679"},"modified":"2016-08-27T15:45:32","modified_gmt":"2016-08-27T18:45:32","slug":"craques-dos-pequenos-de-1956-benedito-do-sao-cristovao-f-r-rj","status":"publish","type":"post","link":"https:\/\/historiadofutebol.com\/blog\/?p=93679","title":{"rendered":"Craques dos Pequenos, de 1956: Benedito do S\u00e3o Crist\u00f3v\u00e3o F.R. (RJ)"},"content":{"rendered":"<p><img loading=\"lazy\" decoding=\"async\" class=\"aligncenter size-full wp-image-93680\" src=\"https:\/\/historiadofutebol.com\/blog\/wp-content\/uploads\/2016\/08\/1956-Sao-Cristovao5.jpg\" alt=\"\" width=\"3152\" height=\"4336\" srcset=\"https:\/\/historiadofutebol.com\/blog\/wp-content\/uploads\/2016\/08\/1956-Sao-Cristovao5.jpg 3152w, https:\/\/historiadofutebol.com\/blog\/wp-content\/uploads\/2016\/08\/1956-Sao-Cristovao5-218x300.jpg 218w, https:\/\/historiadofutebol.com\/blog\/wp-content\/uploads\/2016\/08\/1956-Sao-Cristovao5-363x500.jpg 363w, https:\/\/historiadofutebol.com\/blog\/wp-content\/uploads\/2016\/08\/1956-Sao-Cristovao5-300x412.jpg 300w\" sizes=\"auto, (max-width: 3152px) 100vw, 3152px\" \/><\/p>\n<p><strong><em>FONTE: <\/em><\/strong><em>Sport Ilustrado<\/em><\/p>\n","protected":false},"excerpt":{"rendered":"<p>FONTE: Sport Ilustrado<\/p>\n","protected":false},"author":55,"featured_media":0,"comment_status":"open","ping_status":"closed","sticky":false,"template":"","format":"standard","meta":{"footnotes":""},"categories":[203,345,3,47,76],"tags":[],"class_list":["post-93679","post","type-post","status-publish","format-standard","hentry","category-sergio-mello","category-fotos-historicas","category-historia-do-futebol","category-rio-de-janeiro","category-antigo-estado-do-rio"],"_links":{"self":[{"href":"https:\/\/historiadofutebol.com\/blog\/index.php?rest_route=\/wp\/v2\/posts\/93679","targetHints":{"allow":["GET"]}}],"collection":[{"href":"https:\/\/historiadofutebol.com\/blog\/index.php?rest_route=\/wp\/v2\/posts"}],"about":[{"href":"https:\/\/historiadofutebol.com\/blog\/index.php?rest_route=\/wp\/v2\/types\/post"}],"author":[{"embeddable":true,"href":"https:\/\/historiadofutebol.com\/blog\/index.php?rest_route=\/wp\/v2\/users\/55"}],"replies":[{"embeddable":true,"href":"https:\/\/historiadofutebol.com\/blog\/index.php?rest_route=%2Fwp%2Fv2%2Fcomments&post=93679"}],"version-history":[{"count":2,"href":"https:\/\/historiadofutebol.com\/blog\/index.php?rest_route=\/wp\/v2\/posts\/93679\/revisions"}],"predecessor-version":[{"id":93682,"href":"https:\/\/historiadofutebol.com\/blog\/index.php?rest_route=\/wp\/v2\/posts\/93679\/revisions\/93682"}],"wp:attachment":[{"href":"https:\/\/historiadofutebol.com\/blog\/index.php?rest_route=%2Fwp%2Fv2%2Fmedia&parent=93679"}],"wp:term":[{"taxonomy":"category","embeddable":true,"href":"https:\/\/historiadofutebol.com\/blog\/index.php?rest_route=%2Fwp%2Fv2%2Fcategories&post=93679"},{"taxonomy":"post_tag","embeddable":true,"href":"https:\/\/historiadofutebol.com\/blog\/index.php?rest_route=%2Fwp%2Fv2%2Ftags&post=93679"}],"curies":[{"name":"wp","href":"https:\/\/api.w.org\/{rel}","templated":true}]}}