{"id":93663,"date":"2016-08-27T15:15:09","date_gmt":"2016-08-27T18:15:09","guid":{"rendered":"https:\/\/historiadofutebol.com\/blog\/?p=93663"},"modified":"2016-08-27T15:15:09","modified_gmt":"2016-08-27T18:15:09","slug":"craques-dos-pequenos-de-1956-julinho-do-sao-cristovao-f-r-rj","status":"publish","type":"post","link":"https:\/\/historiadofutebol.com\/blog\/?p=93663","title":{"rendered":"Craques dos Pequenos, de 1956: Julinho do S\u00e3o Crist\u00f3v\u00e3o F.R. (RJ)"},"content":{"rendered":"<p><img loading=\"lazy\" decoding=\"async\" class=\"aligncenter size-full wp-image-93664\" src=\"https:\/\/historiadofutebol.com\/blog\/wp-content\/uploads\/2016\/08\/1956-Sao-Cristovao2.jpg\" alt=\"\" width=\"3160\" height=\"4252\" srcset=\"https:\/\/historiadofutebol.com\/blog\/wp-content\/uploads\/2016\/08\/1956-Sao-Cristovao2.jpg 3160w, https:\/\/historiadofutebol.com\/blog\/wp-content\/uploads\/2016\/08\/1956-Sao-Cristovao2-222x300.jpg 222w, https:\/\/historiadofutebol.com\/blog\/wp-content\/uploads\/2016\/08\/1956-Sao-Cristovao2-371x500.jpg 371w, https:\/\/historiadofutebol.com\/blog\/wp-content\/uploads\/2016\/08\/1956-Sao-Cristovao2-300x403.jpg 300w\" sizes=\"auto, (max-width: 3160px) 100vw, 3160px\" \/><\/p>\n<p><strong><em>FONTE: <\/em><\/strong><em>Sport Ilustrado<\/em><\/p>\n","protected":false},"excerpt":{"rendered":"<p>FONTE: Sport Ilustrado<\/p>\n","protected":false},"author":55,"featured_media":0,"comment_status":"open","ping_status":"closed","sticky":false,"template":"","format":"standard","meta":{"footnotes":""},"categories":[203,345,3,47,76],"tags":[],"class_list":["post-93663","post","type-post","status-publish","format-standard","hentry","category-sergio-mello","category-fotos-historicas","category-historia-do-futebol","category-rio-de-janeiro","category-antigo-estado-do-rio"],"_links":{"self":[{"href":"https:\/\/historiadofutebol.com\/blog\/index.php?rest_route=\/wp\/v2\/posts\/93663","targetHints":{"allow":["GET"]}}],"collection":[{"href":"https:\/\/historiadofutebol.com\/blog\/index.php?rest_route=\/wp\/v2\/posts"}],"about":[{"href":"https:\/\/historiadofutebol.com\/blog\/index.php?rest_route=\/wp\/v2\/types\/post"}],"author":[{"embeddable":true,"href":"https:\/\/historiadofutebol.com\/blog\/index.php?rest_route=\/wp\/v2\/users\/55"}],"replies":[{"embeddable":true,"href":"https:\/\/historiadofutebol.com\/blog\/index.php?rest_route=%2Fwp%2Fv2%2Fcomments&post=93663"}],"version-history":[{"count":2,"href":"https:\/\/historiadofutebol.com\/blog\/index.php?rest_route=\/wp\/v2\/posts\/93663\/revisions"}],"predecessor-version":[{"id":93666,"href":"https:\/\/historiadofutebol.com\/blog\/index.php?rest_route=\/wp\/v2\/posts\/93663\/revisions\/93666"}],"wp:attachment":[{"href":"https:\/\/historiadofutebol.com\/blog\/index.php?rest_route=%2Fwp%2Fv2%2Fmedia&parent=93663"}],"wp:term":[{"taxonomy":"category","embeddable":true,"href":"https:\/\/historiadofutebol.com\/blog\/index.php?rest_route=%2Fwp%2Fv2%2Fcategories&post=93663"},{"taxonomy":"post_tag","embeddable":true,"href":"https:\/\/historiadofutebol.com\/blog\/index.php?rest_route=%2Fwp%2Fv2%2Ftags&post=93663"}],"curies":[{"name":"wp","href":"https:\/\/api.w.org\/{rel}","templated":true}]}}