{"id":93318,"date":"2016-08-24T21:28:08","date_gmt":"2016-08-25T00:28:08","guid":{"rendered":"https:\/\/historiadofutebol.com\/blog\/?p=93318"},"modified":"2016-08-24T21:28:08","modified_gmt":"2016-08-25T00:28:08","slug":"foto-rara-de-1960-elba-de-padua-lima-o-tim-tecnico-do-bangu-e-selecao-carioca","status":"publish","type":"post","link":"https:\/\/historiadofutebol.com\/blog\/?p=93318","title":{"rendered":"Foto Rara, de 1960: Elba de P\u00e1dua Lima, o Tim &#8211; T\u00e9cnico do Bangu e Sele\u00e7\u00e3o Carioca"},"content":{"rendered":"<p><img loading=\"lazy\" decoding=\"async\" class=\"aligncenter size-full wp-image-93319\" src=\"https:\/\/historiadofutebol.com\/blog\/wp-content\/uploads\/2016\/08\/1960-TIM.jpg\" alt=\"\" width=\"1527\" height=\"2409\" srcset=\"https:\/\/historiadofutebol.com\/blog\/wp-content\/uploads\/2016\/08\/1960-TIM.jpg 1527w, https:\/\/historiadofutebol.com\/blog\/wp-content\/uploads\/2016\/08\/1960-TIM-190x300.jpg 190w, https:\/\/historiadofutebol.com\/blog\/wp-content\/uploads\/2016\/08\/1960-TIM-316x500.jpg 316w, https:\/\/historiadofutebol.com\/blog\/wp-content\/uploads\/2016\/08\/1960-TIM-300x473.jpg 300w\" sizes=\"auto, (max-width: 1527px) 100vw, 1527px\" \/><\/p>\n<p><strong><em>FONTE:<\/em><\/strong><em>\u00a0<\/em><em>Revista do Esporte<\/em><\/p>\n","protected":false},"excerpt":{"rendered":"<p>FONTE:\u00a0Revista do Esporte<\/p>\n","protected":false},"author":55,"featured_media":0,"comment_status":"open","ping_status":"closed","sticky":false,"template":"","format":"standard","meta":{"footnotes":""},"categories":[203,345,3,47,76,85],"tags":[],"class_list":["post-93318","post","type-post","status-publish","format-standard","hentry","category-sergio-mello","category-fotos-historicas","category-historia-do-futebol","category-rio-de-janeiro","category-antigo-estado-do-rio","category-selecoes-estaduais"],"_links":{"self":[{"href":"https:\/\/historiadofutebol.com\/blog\/index.php?rest_route=\/wp\/v2\/posts\/93318","targetHints":{"allow":["GET"]}}],"collection":[{"href":"https:\/\/historiadofutebol.com\/blog\/index.php?rest_route=\/wp\/v2\/posts"}],"about":[{"href":"https:\/\/historiadofutebol.com\/blog\/index.php?rest_route=\/wp\/v2\/types\/post"}],"author":[{"embeddable":true,"href":"https:\/\/historiadofutebol.com\/blog\/index.php?rest_route=\/wp\/v2\/users\/55"}],"replies":[{"embeddable":true,"href":"https:\/\/historiadofutebol.com\/blog\/index.php?rest_route=%2Fwp%2Fv2%2Fcomments&post=93318"}],"version-history":[{"count":2,"href":"https:\/\/historiadofutebol.com\/blog\/index.php?rest_route=\/wp\/v2\/posts\/93318\/revisions"}],"predecessor-version":[{"id":93321,"href":"https:\/\/historiadofutebol.com\/blog\/index.php?rest_route=\/wp\/v2\/posts\/93318\/revisions\/93321"}],"wp:attachment":[{"href":"https:\/\/historiadofutebol.com\/blog\/index.php?rest_route=%2Fwp%2Fv2%2Fmedia&parent=93318"}],"wp:term":[{"taxonomy":"category","embeddable":true,"href":"https:\/\/historiadofutebol.com\/blog\/index.php?rest_route=%2Fwp%2Fv2%2Fcategories&post=93318"},{"taxonomy":"post_tag","embeddable":true,"href":"https:\/\/historiadofutebol.com\/blog\/index.php?rest_route=%2Fwp%2Fv2%2Ftags&post=93318"}],"curies":[{"name":"wp","href":"https:\/\/api.w.org\/{rel}","templated":true}]}}