{"id":93297,"date":"2016-08-24T20:05:19","date_gmt":"2016-08-24T23:05:19","guid":{"rendered":"https:\/\/historiadofutebol.com\/blog\/?p=93297"},"modified":"2016-08-24T20:06:17","modified_gmt":"2016-08-24T23:06:17","slug":"excursao-do-sportivo-barracas-ao-brasil-em-1929","status":"publish","type":"post","link":"https:\/\/historiadofutebol.com\/blog\/?p=93297","title":{"rendered":"Excurs\u00e3o do Sportivo Barracas ao Brasil em 1929"},"content":{"rendered":"<p>Em 1929 a equipe argentina do Sportivo Barracas de Buenos Aires realizou duas excurs\u00f5es ao Brasil. A primeira patrocinada pelo Vasco da Gama, a equipe realizou 04 jogos no Rio de Janeiro. A segunda excurs\u00e3o patrocinada pelo Palestra It\u00e1lia, teve a disputa de 05 jogos em S\u00e3o Paulo e 01 jogo em Santos. Abaixo estas partidas:<\/p>\n<table width=\"662\" border=\"0\" cellspacing=\"0\" cellpadding=\"0\">\n<tbody>\n<tr>\n<td valign=\"top\" width=\"82\">\n<p align=\"center\"><strong><em>DATA<\/em><\/strong><\/p>\n<\/td>\n<td valign=\"top\" width=\"128\"><\/td>\n<td valign=\"top\" width=\"28\"><\/td>\n<td valign=\"top\" width=\"19\"><\/td>\n<td valign=\"top\" width=\"28\"><\/td>\n<td valign=\"top\" width=\"227\"><\/td>\n<td valign=\"top\" width=\"150\"><strong><em>LOCAL<\/em><\/strong><\/td>\n<\/tr>\n<tr>\n<td valign=\"top\" width=\"82\">\n<p align=\"center\">01.01.1929<\/p>\n<\/td>\n<td valign=\"top\" width=\"128\">SPORTIVO BARRACAS<\/td>\n<td valign=\"top\" width=\"28\">\n<p align=\"center\">3<\/p>\n<\/td>\n<td valign=\"top\" width=\"19\">\n<p align=\"center\">x<\/p>\n<\/td>\n<td valign=\"top\" width=\"28\">\n<p align=\"center\">2<\/p>\n<\/td>\n<td valign=\"top\" width=\"227\">COMBINADO CARIOCA<\/td>\n<td valign=\"top\" width=\"150\">S\u00c3O JANU\u00c1RIO<\/td>\n<\/tr>\n<tr>\n<td valign=\"top\" width=\"82\">\n<p align=\"center\">04.01.1929<\/p>\n<\/td>\n<td valign=\"top\" width=\"128\">SPORTIVO BARRACAS<\/td>\n<td valign=\"top\" width=\"28\">\n<p align=\"center\">0<\/p>\n<\/td>\n<td valign=\"top\" width=\"19\">\n<p align=\"center\">X<\/p>\n<\/td>\n<td valign=\"top\" width=\"28\">\n<p align=\"center\">0<\/p>\n<\/td>\n<td valign=\"top\" width=\"227\">VASCO DA GAMA<\/td>\n<td valign=\"top\" width=\"150\">S\u00c3O JANU\u00c1RIO<\/td>\n<\/tr>\n<tr>\n<td valign=\"top\" width=\"82\">\n<p align=\"center\">06.01.1929<\/p>\n<\/td>\n<td valign=\"top\" width=\"128\">SPORTIVO BARRACAS<\/td>\n<td valign=\"top\" width=\"28\">\n<p align=\"center\">3<\/p>\n<\/td>\n<td valign=\"top\" width=\"19\">\n<p align=\"center\">X<\/p>\n<\/td>\n<td valign=\"top\" width=\"28\">\n<p align=\"center\">5<\/p>\n<\/td>\n<td valign=\"top\" width=\"227\">COMBINADO APEA\/AMEA<\/td>\n<td valign=\"top\" width=\"150\">S\u00c3O JANU\u00c1RIO<\/td>\n<\/tr>\n<tr>\n<td valign=\"top\" width=\"82\">\n<p align=\"center\">08.01.1929<\/p>\n<\/td>\n<td valign=\"top\" width=\"128\">SPORTIVO BARRACAS<\/td>\n<td valign=\"top\" width=\"28\">\n<p align=\"center\">0<\/p>\n<\/td>\n<td valign=\"top\" width=\"19\">\n<p align=\"center\">X<\/p>\n<\/td>\n<td valign=\"top\" width=\"28\">\n<p align=\"center\">2<\/p>\n<\/td>\n<td valign=\"top\" width=\"227\">COMBINADO CARIOCA<\/td>\n<td valign=\"top\" width=\"150\">S\u00c3O JANU\u00c1RIO<\/td>\n<\/tr>\n<tr>\n<td valign=\"top\" width=\"82\">\n<p align=\"center\">21.04.1929<\/p>\n<\/td>\n<td valign=\"top\" width=\"128\">SPORTIVO BARRACAS<\/td>\n<td valign=\"top\" width=\"28\">\n<p align=\"center\">2<\/p>\n<\/td>\n<td valign=\"top\" width=\"19\">\n<p align=\"center\">X<\/p>\n<\/td>\n<td valign=\"top\" width=\"28\">\n<p align=\"center\">2<\/p>\n<\/td>\n<td valign=\"top\" width=\"227\">PALESTRA IT\u00c1LIA<\/td>\n<td valign=\"top\" width=\"150\">PARQUE ANT\u00c1RCTICA<\/td>\n<\/tr>\n<tr>\n<td valign=\"top\" width=\"82\">\n<p align=\"center\">24.04.1929<\/p>\n<\/td>\n<td valign=\"top\" width=\"128\">SPORTIVO BARRACAS<\/td>\n<td valign=\"top\" width=\"28\">\n<p align=\"center\">0<\/p>\n<\/td>\n<td valign=\"top\" width=\"19\">\n<p align=\"center\">X<\/p>\n<\/td>\n<td valign=\"top\" width=\"28\">\n<p align=\"center\">1<\/p>\n<\/td>\n<td valign=\"top\" width=\"227\">SANTOS<\/td>\n<td valign=\"top\" width=\"150\">VILA BELMIRO<\/td>\n<\/tr>\n<tr>\n<td valign=\"top\" width=\"82\">\n<p align=\"center\">28.04.1929<\/p>\n<\/td>\n<td valign=\"top\" width=\"128\">SPORTIVO BARRACAS<\/td>\n<td valign=\"top\" width=\"28\">\n<p align=\"center\">0<\/p>\n<\/td>\n<td valign=\"top\" width=\"19\">\n<p align=\"center\">X<\/p>\n<\/td>\n<td valign=\"top\" width=\"28\">\n<p align=\"center\">3<\/p>\n<\/td>\n<td valign=\"top\" width=\"227\">SELE\u00c7\u00c3O DA APEA<\/td>\n<td valign=\"top\" width=\"150\">PARQUE ANT\u00c1RTICA<\/td>\n<\/tr>\n<tr>\n<td valign=\"top\" width=\"82\">\n<p align=\"center\">01.05.1929<\/p>\n<\/td>\n<td valign=\"top\" width=\"128\">SPORTIVO BARRACAS<\/td>\n<td valign=\"top\" width=\"28\">\n<p align=\"center\">1<\/p>\n<\/td>\n<td valign=\"top\" width=\"19\">\n<p align=\"center\">X<\/p>\n<\/td>\n<td valign=\"top\" width=\"28\">\n<p align=\"center\">3<\/p>\n<\/td>\n<td valign=\"top\" width=\"227\">CORINTHIANS<\/td>\n<td valign=\"top\" width=\"150\">PARQUE S\u00c3O JORGE<\/td>\n<\/tr>\n<tr>\n<td valign=\"top\" width=\"82\">\n<p align=\"center\">03.05.1929<\/p>\n<\/td>\n<td valign=\"top\" width=\"128\">SPORTIVO BARRACAS<\/td>\n<td valign=\"top\" width=\"28\">\n<p align=\"center\">2<\/p>\n<\/td>\n<td valign=\"top\" width=\"19\">\n<p align=\"center\">X<\/p>\n<\/td>\n<td valign=\"top\" width=\"28\">\n<p align=\"center\">0<\/p>\n<\/td>\n<td valign=\"top\" width=\"227\">PALESTRA IT\u00c1LIA<\/td>\n<td valign=\"top\" width=\"150\">PARQUE ANT\u00c1RTICA<\/td>\n<\/tr>\n<tr>\n<td valign=\"top\" width=\"82\">\n<p align=\"center\">05.05.1929<\/p>\n<\/td>\n<td valign=\"top\" width=\"128\">SPORTIVO BARRACAS<\/td>\n<td valign=\"top\" width=\"28\">\n<p align=\"center\">1<\/p>\n<\/td>\n<td valign=\"top\" width=\"19\">\n<p align=\"center\">X<\/p>\n<\/td>\n<td valign=\"top\" width=\"28\">\n<p align=\"center\">0<\/p>\n<\/td>\n<td valign=\"top\" width=\"227\">PORTUGUESA<\/td>\n<td valign=\"top\" width=\"150\">PARQUE ANT\u00c1RTICA<\/td>\n<\/tr>\n<\/tbody>\n<\/table>\n<div id=\"attachment_93298\" style=\"width: 510px\" class=\"wp-caption aligncenter\"><a href=\"https:\/\/historiadofutebol.com\/blog\/?attachment_id=93298\" rel=\"attachment wp-att-93298\"><img loading=\"lazy\" decoding=\"async\" aria-describedby=\"caption-attachment-93298\" class=\"size-large wp-image-93298\" title=\"Imagem 445\" src=\"https:\/\/historiadofutebol.com\/blog\/wp-content\/uploads\/2016\/08\/Imagem-445-500x324.jpg\" alt=\"\" width=\"500\" height=\"324\" srcset=\"https:\/\/historiadofutebol.com\/blog\/wp-content\/uploads\/2016\/08\/Imagem-445-500x324.jpg 500w, https:\/\/historiadofutebol.com\/blog\/wp-content\/uploads\/2016\/08\/Imagem-445-300x194.jpg 300w, https:\/\/historiadofutebol.com\/blog\/wp-content\/uploads\/2016\/08\/Imagem-445.jpg 597w\" sizes=\"auto, (max-width: 500px) 100vw, 500px\" \/><\/a><p id=\"caption-attachment-93298\" class=\"wp-caption-text\">Sportivo Barracas (Argentina) - 1929<\/p><\/div>\n","protected":false},"excerpt":{"rendered":"<p>Em 1929 a equipe argentina do Sportivo Barracas de Buenos Aires realizou duas excurs\u00f5es ao Brasil. A primeira patrocinada pelo Vasco da Gama, a equipe realizou 04 jogos no Rio de Janeiro. A segunda excurs\u00e3o patrocinada pelo Palestra It\u00e1lia, teve a disputa de 05 jogos em S\u00e3o Paulo e 01 jogo em Santos. Abaixo estas [&hellip;]<\/p>\n","protected":false},"author":6,"featured_media":0,"comment_status":"open","ping_status":"closed","sticky":false,"template":"","format":"standard","meta":{"footnotes":""},"categories":[96,84,108],"tags":[],"class_list":["post-93297","post","type-post","status-publish","format-standard","hentry","category-julio-diogo","category-amistosos-internacionais","category-jogos-historicos"],"_links":{"self":[{"href":"https:\/\/historiadofutebol.com\/blog\/index.php?rest_route=\/wp\/v2\/posts\/93297","targetHints":{"allow":["GET"]}}],"collection":[{"href":"https:\/\/historiadofutebol.com\/blog\/index.php?rest_route=\/wp\/v2\/posts"}],"about":[{"href":"https:\/\/historiadofutebol.com\/blog\/index.php?rest_route=\/wp\/v2\/types\/post"}],"author":[{"embeddable":true,"href":"https:\/\/historiadofutebol.com\/blog\/index.php?rest_route=\/wp\/v2\/users\/6"}],"replies":[{"embeddable":true,"href":"https:\/\/historiadofutebol.com\/blog\/index.php?rest_route=%2Fwp%2Fv2%2Fcomments&post=93297"}],"version-history":[{"count":4,"href":"https:\/\/historiadofutebol.com\/blog\/index.php?rest_route=\/wp\/v2\/posts\/93297\/revisions"}],"predecessor-version":[{"id":93302,"href":"https:\/\/historiadofutebol.com\/blog\/index.php?rest_route=\/wp\/v2\/posts\/93297\/revisions\/93302"}],"wp:attachment":[{"href":"https:\/\/historiadofutebol.com\/blog\/index.php?rest_route=%2Fwp%2Fv2%2Fmedia&parent=93297"}],"wp:term":[{"taxonomy":"category","embeddable":true,"href":"https:\/\/historiadofutebol.com\/blog\/index.php?rest_route=%2Fwp%2Fv2%2Fcategories&post=93297"},{"taxonomy":"post_tag","embeddable":true,"href":"https:\/\/historiadofutebol.com\/blog\/index.php?rest_route=%2Fwp%2Fv2%2Ftags&post=93297"}],"curies":[{"name":"wp","href":"https:\/\/api.w.org\/{rel}","templated":true}]}}