{"id":93047,"date":"2016-08-21T09:05:24","date_gmt":"2016-08-21T12:05:24","guid":{"rendered":"https:\/\/historiadofutebol.com\/blog\/?p=93047"},"modified":"2016-08-21T09:05:36","modified_gmt":"2016-08-21T12:05:36","slug":"foto-historica-uberlandia-ec-uberlandia-mg-1947","status":"publish","type":"post","link":"https:\/\/historiadofutebol.com\/blog\/?p=93047","title":{"rendered":"Foto Hist\u00f3rica &#8211; Uberl\u00e2ndia EC (Uberl\u00e2ndia-MG) &#8211; 1947"},"content":{"rendered":"<div id=\"attachment_93048\" style=\"width: 510px\" class=\"wp-caption aligncenter\"><a href=\"https:\/\/historiadofutebol.com\/blog\/?attachment_id=93048\" rel=\"attachment wp-att-93048\"><img loading=\"lazy\" decoding=\"async\" aria-describedby=\"caption-attachment-93048\" class=\"size-large wp-image-93048\" title=\"1 (440)\" src=\"https:\/\/historiadofutebol.com\/blog\/wp-content\/uploads\/2016\/08\/1-440-500x350.jpg\" alt=\"\" width=\"500\" height=\"350\" srcset=\"https:\/\/historiadofutebol.com\/blog\/wp-content\/uploads\/2016\/08\/1-440-500x350.jpg 500w, https:\/\/historiadofutebol.com\/blog\/wp-content\/uploads\/2016\/08\/1-440-300x210.jpg 300w\" sizes=\"auto, (max-width: 500px) 100vw, 500px\" \/><\/a><p id=\"caption-attachment-93048\" class=\"wp-caption-text\">Uberl\u00e2ndia Esporte Clube (Uberl\u00e2ndia-MG) - 1947<\/p><\/div>\n","protected":false},"excerpt":{"rendered":"","protected":false},"author":6,"featured_media":0,"comment_status":"open","ping_status":"closed","sticky":false,"template":"","format":"standard","meta":{"footnotes":""},"categories":[96,345,39],"tags":[],"class_list":["post-93047","post","type-post","status-publish","format-standard","hentry","category-julio-diogo","category-fotos-historicas","category-minas-gerais"],"_links":{"self":[{"href":"https:\/\/historiadofutebol.com\/blog\/index.php?rest_route=\/wp\/v2\/posts\/93047","targetHints":{"allow":["GET"]}}],"collection":[{"href":"https:\/\/historiadofutebol.com\/blog\/index.php?rest_route=\/wp\/v2\/posts"}],"about":[{"href":"https:\/\/historiadofutebol.com\/blog\/index.php?rest_route=\/wp\/v2\/types\/post"}],"author":[{"embeddable":true,"href":"https:\/\/historiadofutebol.com\/blog\/index.php?rest_route=\/wp\/v2\/users\/6"}],"replies":[{"embeddable":true,"href":"https:\/\/historiadofutebol.com\/blog\/index.php?rest_route=%2Fwp%2Fv2%2Fcomments&post=93047"}],"version-history":[{"count":3,"href":"https:\/\/historiadofutebol.com\/blog\/index.php?rest_route=\/wp\/v2\/posts\/93047\/revisions"}],"predecessor-version":[{"id":93051,"href":"https:\/\/historiadofutebol.com\/blog\/index.php?rest_route=\/wp\/v2\/posts\/93047\/revisions\/93051"}],"wp:attachment":[{"href":"https:\/\/historiadofutebol.com\/blog\/index.php?rest_route=%2Fwp%2Fv2%2Fmedia&parent=93047"}],"wp:term":[{"taxonomy":"category","embeddable":true,"href":"https:\/\/historiadofutebol.com\/blog\/index.php?rest_route=%2Fwp%2Fv2%2Fcategories&post=93047"},{"taxonomy":"post_tag","embeddable":true,"href":"https:\/\/historiadofutebol.com\/blog\/index.php?rest_route=%2Fwp%2Fv2%2Ftags&post=93047"}],"curies":[{"name":"wp","href":"https:\/\/api.w.org\/{rel}","templated":true}]}}