{"id":9299,"date":"2010-07-16T09:42:28","date_gmt":"2010-07-16T12:42:28","guid":{"rendered":"https:\/\/historiadofutebol.com\/blog\/?p=9299"},"modified":"2022-03-12T15:57:03","modified_gmt":"2022-03-12T18:57:03","slug":"newsclube-alagoano-perde-quase-tudo-em-enchentes-e-abandona-serie-d__trashed","status":"publish","type":"post","link":"https:\/\/historiadofutebol.com\/blog\/?p=9299","title":{"rendered":"NEWS:Clube alagoano perde quase tudo em enchentes e abandona S\u00e9rie D"},"content":{"rendered":"<p><strong>Sede do Murici foi destru\u00edda nos desastres na regi\u00e3o e at\u00e9 o trof\u00e9u do t\u00edtulo estadual desapareceu. Clube luta para manter jogadores em atividade<\/strong><\/p>\n<p>Por Mayra Siqueira<\/p>\n<p>Foram 11 anos na espera para uma gl\u00f3ria que acabou manchada por um desastre natural. A festa do Murici Futebol Clube durou pouco mais de um m\u00eas. As enchentes que devastaram diversas cidades no estado de Alagoas n\u00e3o perdoaram o pequeno munic\u00edpio de Murici, onde nasceu o senador Renan Calheiros, e turvaram a \u00fanica gl\u00f3ria do time local, que acabara de sagrar-se campe\u00e3o estadual pela primeira vez desde que estreou no torneio, em 1999.<\/p>\n<p> &#8211; A sede do clube caiu. O est\u00e1dio Jos\u00e9 Gomes da Costa est\u00e1 sendo utilizado para pouso e decolagem dos helic\u00f3pteros do Ex\u00e9rcito, pois a cidade est\u00e1 servindo como ponto de distribui\u00e7\u00e3o de material, alimentos e ajuda para as outras cidades pr\u00f3ximas \u2013 afirmou o dono do clube e tamb\u00e9m prefeito da cidade, Remi Calheiros, irm\u00e3o de Renan.<br \/>\nO trof\u00e9u de campe\u00e3o desapareceu, e at\u00e9 hoje ningu\u00e9m faz ideia do paradeiro dele&#8221;<br \/>\nRemi Calheiros<\/p>\n<p>As palavras do pol\u00edtico retratam apenas superficialmente a situa\u00e7\u00e3o \u2013 n\u00e3o s\u00f3 da cidade, mas de um time que perdeu seu rumo. A equipe desistiu de disputar a S\u00e9rie D do Brasileir\u00e3o no ano de 2010, e deu vaga ao CSA, devido ao estado de calamidade p\u00fablica decretado pela Prefeitura e pelo Governo do Estado. A palavra de ordem \u00e9 tentar manter a confian\u00e7a, uma vez que o in\u00e9dito t\u00edtulo estadual garante a participa\u00e7\u00e3o do Murici na Copa do Brasil de 2011. Por\u00e9m, a cabe\u00e7a de todos os moradores da cidade n\u00e3o pode ser outra, sen\u00e3o a necessidade de dar vida outra vez ao munic\u00edpio, quase 50% destru\u00eddo pelos alagamentos.<\/p>\n<p>&#8211; A reestrutura\u00e7\u00e3o \u00e9 o foco. Disputar a S\u00e9rie D, buscando a classifica\u00e7\u00e3o pra S\u00e9rie C at\u00e9 o final do ano, e come\u00e7ar a prepara\u00e7\u00e3o pro Campeonato Alagoano de 2011 e a Copa do Brasil era a ideia. Agora, essa programa\u00e7\u00e3o foi toda por \u00e1gua abaixo. Temos que reestruturar a cidade primeiro, para depois poder pensar nisso \u2013 acrescentou.<\/p>\n<p>Consolo para o torcedor? Ainda n\u00e3o. Na confus\u00e3o, at\u00e9 o principal s\u00edmbolo da conquista do Campeonato Alagoano foi arrancada do clube.<\/p>\n<p>&#8211; O trof\u00e9u de campe\u00e3o desapareceu, e at\u00e9 hoje ningu\u00e9m faz ideia do paradeiro dele \u2013 acrescentou Remi Calheiros.<br \/>\n Drama bate na porta dos jogadores<\/p>\n<p>A tarefa de toda a fam\u00edlia Calheiros, que h\u00e1 anos domina a pol\u00edtica local, ser\u00e1 \u00e1rdua. Diante da situa\u00e7\u00e3o catastr\u00f3fica, todo o elenco acabou sofrendo as consequ\u00eancias e seguiu atr\u00e1s de alternativas.<\/p>\n<p>&#8211; Tiveram jogadores que tiveram suas casas atingidas, inundadas. Chegaram at\u00e9 a ficar desabrigados por cerce de tr\u00eas dias. Alguns moravam na nossa sede, que est\u00e1 praticamente toda destru\u00edda. Como s\u00f3 teremos uma competi\u00e7\u00e3o profissional a partir de janeiro, emprestamos a maioria dos jogadores. Sete deles est\u00e3o no CSA (que substituiu o Murici na S\u00e9rie D). S\u00f3 tr\u00eas atletas ainda n\u00e3o est\u00e3o emprestados, seguem treinando com o pessoal das categorias de base, j\u00e1 que o est\u00e1dio n\u00e3o pode ser utilizado. Estamos tentando coloc\u00e1-los em outros clubes \u2013 disse.<\/p>\n<p>Entre as m\u00e1s not\u00edcias que envolvem o clube, h\u00e1 a grande chance de que os jogadores acabem n\u00e3o retornando para o Murici. Por\u00e9m, a esperan\u00e7a necess\u00e1ria para todas as v\u00edtimas da trag\u00e9dia ganha voz na boca do prefeito e presidente do time, que prefere acreditar na fidelidade dos atletas.<\/p>\n<p>&#8211; Todos os jogadores t\u00eam v\u00ednculo com o Murici. O contrato de empr\u00e9stimo deles vai at\u00e9 novembro. Temos esperan\u00e7a e expectativa de que eles retornem \u2013 afirmou.<\/p>\n<p>Para completar, Remi Calheiros fez quest\u00e3o de deixar um apelo \u00e0 CBF:<\/p>\n<p>&#8211; O Murici \u00e9 o representante de Alagoas na Copa do Brasil (de 2011). Esperamos que tudo at\u00e9 l\u00e1 volte \u00e0 normalidade, mas faremos um apelo \u00e0 CBF, para ver se ela pode nos ajudar. Perdemos todo o imobili\u00e1rio do clube. Queremos ver como ela pode nos auxiliar \u2013 finalizou.<\/p>\n<p>FONTE:globo.com<\/p>\n","protected":false},"excerpt":{"rendered":"<p>Sede do Murici foi destru\u00edda nos desastres na regi\u00e3o e at\u00e9 o trof\u00e9u do t\u00edtulo estadual desapareceu. Clube luta para manter jogadores em atividade Por Mayra Siqueira Foram 11 anos na espera para uma gl\u00f3ria que acabou manchada por um desastre natural. A festa do Murici Futebol Clube durou pouco mais de um m\u00eas. As [&hellip;]<\/p>\n","protected":false},"author":1,"featured_media":0,"comment_status":"open","ping_status":"closed","sticky":false,"template":"","format":"standard","meta":{"footnotes":""},"categories":[3],"tags":[],"class_list":["post-9299","post","type-post","status-publish","format-standard","hentry","category-historia-do-futebol"],"_links":{"self":[{"href":"https:\/\/historiadofutebol.com\/blog\/index.php?rest_route=\/wp\/v2\/posts\/9299","targetHints":{"allow":["GET"]}}],"collection":[{"href":"https:\/\/historiadofutebol.com\/blog\/index.php?rest_route=\/wp\/v2\/posts"}],"about":[{"href":"https:\/\/historiadofutebol.com\/blog\/index.php?rest_route=\/wp\/v2\/types\/post"}],"author":[{"embeddable":true,"href":"https:\/\/historiadofutebol.com\/blog\/index.php?rest_route=\/wp\/v2\/users\/1"}],"replies":[{"embeddable":true,"href":"https:\/\/historiadofutebol.com\/blog\/index.php?rest_route=%2Fwp%2Fv2%2Fcomments&post=9299"}],"version-history":[{"count":2,"href":"https:\/\/historiadofutebol.com\/blog\/index.php?rest_route=\/wp\/v2\/posts\/9299\/revisions"}],"predecessor-version":[{"id":125027,"href":"https:\/\/historiadofutebol.com\/blog\/index.php?rest_route=\/wp\/v2\/posts\/9299\/revisions\/125027"}],"wp:attachment":[{"href":"https:\/\/historiadofutebol.com\/blog\/index.php?rest_route=%2Fwp%2Fv2%2Fmedia&parent=9299"}],"wp:term":[{"taxonomy":"category","embeddable":true,"href":"https:\/\/historiadofutebol.com\/blog\/index.php?rest_route=%2Fwp%2Fv2%2Fcategories&post=9299"},{"taxonomy":"post_tag","embeddable":true,"href":"https:\/\/historiadofutebol.com\/blog\/index.php?rest_route=%2Fwp%2Fv2%2Ftags&post=9299"}],"curies":[{"name":"wp","href":"https:\/\/api.w.org\/{rel}","templated":true}]}}