{"id":92427,"date":"2016-08-06T14:59:34","date_gmt":"2016-08-06T17:59:34","guid":{"rendered":"https:\/\/historiadofutebol.com\/blog\/?p=92427"},"modified":"2016-08-06T15:00:06","modified_gmt":"2016-08-06T18:00:06","slug":"foto-rara-de-1959-santos-futebol-clube-santods-sp","status":"publish","type":"post","link":"https:\/\/historiadofutebol.com\/blog\/?p=92427","title":{"rendered":"Foto Rara, de 1959: Santos Futebol Clube &#8211; Santos (SP)"},"content":{"rendered":"<p><img loading=\"lazy\" decoding=\"async\" class=\"aligncenter size-full wp-image-92428\" src=\"https:\/\/historiadofutebol.com\/blog\/wp-content\/uploads\/2016\/08\/I0000098-3Alt002367Lar003201LargOri004268AltOri003156.jpg\" alt=\"\" width=\"3201\" height=\"2367\" srcset=\"https:\/\/historiadofutebol.com\/blog\/wp-content\/uploads\/2016\/08\/I0000098-3Alt002367Lar003201LargOri004268AltOri003156.jpg 3201w, https:\/\/historiadofutebol.com\/blog\/wp-content\/uploads\/2016\/08\/I0000098-3Alt002367Lar003201LargOri004268AltOri003156-300x221.jpg 300w, https:\/\/historiadofutebol.com\/blog\/wp-content\/uploads\/2016\/08\/I0000098-3Alt002367Lar003201LargOri004268AltOri003156-500x369.jpg 500w\" sizes=\"auto, (max-width: 3201px) 100vw, 3201px\" \/><\/p>\n<p>O <strong><em>Peixe<\/em><\/strong> est\u00e1 posado da seguinte forma. <strong>Em P\u00e9<\/strong> <strong><em>(da esquerda para a direita)<\/em>: <\/strong>Ramiro, Manga, Urubat\u00e3o, Get\u00falio, Zito e Dalmo. <strong>Agachados<\/strong> <strong><em>(da esquerda para a direita)<\/em>:<\/strong> H\u00e9lio, Jair, Pag\u00e3o, Pel\u00e9 e Pepe.<\/p>\n<p><strong><em>FONTE:<\/em><\/strong><em>\u00a0Revista do Esporte<\/em><\/p>\n","protected":false},"excerpt":{"rendered":"<p>O Peixe est\u00e1 posado da seguinte forma. Em P\u00e9 (da esquerda para a direita): Ramiro, Manga, Urubat\u00e3o, Get\u00falio, Zito e Dalmo. Agachados (da esquerda para a direita): H\u00e9lio, Jair, Pag\u00e3o, Pel\u00e9 e Pepe. FONTE:\u00a0Revista do Esporte<\/p>\n","protected":false},"author":55,"featured_media":0,"comment_status":"open","ping_status":"closed","sticky":false,"template":"","format":"standard","meta":{"footnotes":""},"categories":[203,345,3,51],"tags":[],"class_list":["post-92427","post","type-post","status-publish","format-standard","hentry","category-sergio-mello","category-fotos-historicas","category-historia-do-futebol","category-sao-paulo"],"_links":{"self":[{"href":"https:\/\/historiadofutebol.com\/blog\/index.php?rest_route=\/wp\/v2\/posts\/92427","targetHints":{"allow":["GET"]}}],"collection":[{"href":"https:\/\/historiadofutebol.com\/blog\/index.php?rest_route=\/wp\/v2\/posts"}],"about":[{"href":"https:\/\/historiadofutebol.com\/blog\/index.php?rest_route=\/wp\/v2\/types\/post"}],"author":[{"embeddable":true,"href":"https:\/\/historiadofutebol.com\/blog\/index.php?rest_route=\/wp\/v2\/users\/55"}],"replies":[{"embeddable":true,"href":"https:\/\/historiadofutebol.com\/blog\/index.php?rest_route=%2Fwp%2Fv2%2Fcomments&post=92427"}],"version-history":[{"count":3,"href":"https:\/\/historiadofutebol.com\/blog\/index.php?rest_route=\/wp\/v2\/posts\/92427\/revisions"}],"predecessor-version":[{"id":92431,"href":"https:\/\/historiadofutebol.com\/blog\/index.php?rest_route=\/wp\/v2\/posts\/92427\/revisions\/92431"}],"wp:attachment":[{"href":"https:\/\/historiadofutebol.com\/blog\/index.php?rest_route=%2Fwp%2Fv2%2Fmedia&parent=92427"}],"wp:term":[{"taxonomy":"category","embeddable":true,"href":"https:\/\/historiadofutebol.com\/blog\/index.php?rest_route=%2Fwp%2Fv2%2Fcategories&post=92427"},{"taxonomy":"post_tag","embeddable":true,"href":"https:\/\/historiadofutebol.com\/blog\/index.php?rest_route=%2Fwp%2Fv2%2Ftags&post=92427"}],"curies":[{"name":"wp","href":"https:\/\/api.w.org\/{rel}","templated":true}]}}