{"id":92164,"date":"2016-07-26T19:37:29","date_gmt":"2016-07-26T22:37:29","guid":{"rendered":"https:\/\/historiadofutebol.com\/blog\/?p=92164"},"modified":"2016-07-28T18:49:59","modified_gmt":"2016-07-28T21:49:59","slug":"a-extincao-da-laf-liga-de-amadores-de-football-em-sao-paulo-no-ano-de-1930-e-a-fundacao-do-sao-paulo-futebol-clube","status":"publish","type":"post","link":"https:\/\/historiadofutebol.com\/blog\/?p=92164","title":{"rendered":"A Extin\u00e7\u00e3o da LAF (Liga de Amadores de Football) em S\u00e3o Paulo, no ano de 1930, e a funda\u00e7\u00e3o do S\u00e3o Paulo Futebol Clube."},"content":{"rendered":"<p><img loading=\"lazy\" decoding=\"async\" class=\"aligncenter size-full wp-image-92165\" src=\"https:\/\/historiadofutebol.com\/blog\/wp-content\/uploads\/2016\/07\/Fim-da-LAF-1.png\" alt=\"\" width=\"1278\" height=\"718\" srcset=\"https:\/\/historiadofutebol.com\/blog\/wp-content\/uploads\/2016\/07\/Fim-da-LAF-1.png 1278w, https:\/\/historiadofutebol.com\/blog\/wp-content\/uploads\/2016\/07\/Fim-da-LAF-1-300x168.png 300w, https:\/\/historiadofutebol.com\/blog\/wp-content\/uploads\/2016\/07\/Fim-da-LAF-1-500x280.png 500w\" sizes=\"auto, (max-width: 1278px) 100vw, 1278px\" \/><img loading=\"lazy\" decoding=\"async\" class=\"aligncenter size-full wp-image-92166\" src=\"https:\/\/historiadofutebol.com\/blog\/wp-content\/uploads\/2016\/07\/Fim-da-LAF-2.png\" alt=\"\" width=\"1276\" height=\"718\" srcset=\"https:\/\/historiadofutebol.com\/blog\/wp-content\/uploads\/2016\/07\/Fim-da-LAF-2.png 1276w, https:\/\/historiadofutebol.com\/blog\/wp-content\/uploads\/2016\/07\/Fim-da-LAF-2-300x168.png 300w, https:\/\/historiadofutebol.com\/blog\/wp-content\/uploads\/2016\/07\/Fim-da-LAF-2-500x281.png 500w\" sizes=\"auto, (max-width: 1276px) 100vw, 1276px\" \/><img loading=\"lazy\" decoding=\"async\" class=\"aligncenter size-full wp-image-92167\" src=\"https:\/\/historiadofutebol.com\/blog\/wp-content\/uploads\/2016\/07\/Fim-da-LAF-3.png\" alt=\"\" width=\"1278\" height=\"327\" srcset=\"https:\/\/historiadofutebol.com\/blog\/wp-content\/uploads\/2016\/07\/Fim-da-LAF-3.png 1278w, https:\/\/historiadofutebol.com\/blog\/wp-content\/uploads\/2016\/07\/Fim-da-LAF-3-300x76.png 300w, https:\/\/historiadofutebol.com\/blog\/wp-content\/uploads\/2016\/07\/Fim-da-LAF-3-500x127.png 500w\" sizes=\"auto, (max-width: 1278px) 100vw, 1278px\" \/><\/p>\n<p>Em assembleia realizada na data de 8 de janeiro de 1930, foi extinta na cidade de S\u00e3o Paulo a Liga de Amadores de Football (LAF).<\/p>\n<p>Devido a esse fato, o Club Athletico Paulistano extinguiu seu departamento de futebol, ao mesmo tempo em que liberou seus jogadores para ingressarem em outros clubes.<\/p>\n<p>Entretanto, tendo em vista que algumas pessoas n\u00e3o haviam concordado com a extin\u00e7\u00e3o do futebol no clube, deram in\u00edcio a um movimento visando a funda\u00e7\u00e3o de uma nova entidade.<\/p>\n<p>Essas pessoas se uniram aos integrantes da Associa\u00e7\u00e3o Athletica das Palmeiras, que tamb\u00e9m estava em vias de extin\u00e7\u00e3o, a alguns integrantes da A.A. S\u00e3o Bento e, na data de 27 de janeiro de 1930, fundaram o S\u00e3o Paulo Futebol Clube.<\/p>\n<p>O campo utilizado pela nova equipe foi aquele pertencente a A.A. das Palmeiras,<\/p>\n<p>estabelecido na Ch\u00e1cara da Floresta. Quanto as cores do novo clube, foram adotadas a vermelha, do C.A. Paulistano e a preta, da A.A. Palmeiras, al\u00e9m da branca que era utilizada pelos dois clubes.<\/p>\n<p>Fonte: jornal \u201cA Gazeta\u201d.<\/p>\n","protected":false},"excerpt":{"rendered":"<p>Em assembleia realizada na data de 8 de janeiro de 1930, foi extinta na cidade de S\u00e3o Paulo a Liga de Amadores de Football (LAF). Devido a esse fato, o Club Athletico Paulistano extinguiu seu departamento de futebol, ao mesmo tempo em que liberou seus jogadores para ingressarem em outros clubes. Entretanto, tendo em vista [&hellip;]<\/p>\n","protected":false},"author":47,"featured_media":0,"comment_status":"open","ping_status":"closed","sticky":false,"template":"","format":"standard","meta":{"footnotes":""},"categories":[189,83,3,51],"tags":[],"class_list":["post-92164","post","type-post","status-publish","format-standard","hentry","category-toninho-sereno","category-x9-curiosidades","category-historia-do-futebol","category-sao-paulo"],"_links":{"self":[{"href":"https:\/\/historiadofutebol.com\/blog\/index.php?rest_route=\/wp\/v2\/posts\/92164","targetHints":{"allow":["GET"]}}],"collection":[{"href":"https:\/\/historiadofutebol.com\/blog\/index.php?rest_route=\/wp\/v2\/posts"}],"about":[{"href":"https:\/\/historiadofutebol.com\/blog\/index.php?rest_route=\/wp\/v2\/types\/post"}],"author":[{"embeddable":true,"href":"https:\/\/historiadofutebol.com\/blog\/index.php?rest_route=\/wp\/v2\/users\/47"}],"replies":[{"embeddable":true,"href":"https:\/\/historiadofutebol.com\/blog\/index.php?rest_route=%2Fwp%2Fv2%2Fcomments&post=92164"}],"version-history":[{"count":9,"href":"https:\/\/historiadofutebol.com\/blog\/index.php?rest_route=\/wp\/v2\/posts\/92164\/revisions"}],"predecessor-version":[{"id":92174,"href":"https:\/\/historiadofutebol.com\/blog\/index.php?rest_route=\/wp\/v2\/posts\/92164\/revisions\/92174"}],"wp:attachment":[{"href":"https:\/\/historiadofutebol.com\/blog\/index.php?rest_route=%2Fwp%2Fv2%2Fmedia&parent=92164"}],"wp:term":[{"taxonomy":"category","embeddable":true,"href":"https:\/\/historiadofutebol.com\/blog\/index.php?rest_route=%2Fwp%2Fv2%2Fcategories&post=92164"},{"taxonomy":"post_tag","embeddable":true,"href":"https:\/\/historiadofutebol.com\/blog\/index.php?rest_route=%2Fwp%2Fv2%2Ftags&post=92164"}],"curies":[{"name":"wp","href":"https:\/\/api.w.org\/{rel}","templated":true}]}}