{"id":92161,"date":"2016-07-26T16:05:29","date_gmt":"2016-07-26T19:05:29","guid":{"rendered":"https:\/\/historiadofutebol.com\/blog\/?p=92161"},"modified":"2016-07-26T16:05:29","modified_gmt":"2016-07-26T19:05:29","slug":"jogo-historico-agua-verdepr-x-isalpr","status":"publish","type":"post","link":"https:\/\/historiadofutebol.com\/blog\/?p=92161","title":{"rendered":"Jogo Hist\u00f3rico &#8211; \u00c1gua Verde(PR) x Isal(PR)"},"content":{"rendered":"<table border=\"1\" cellspacing=\"0\" cellpadding=\"0\">\n<tbody>\n<tr>\n<td colspan=\"2\" valign=\"top\" width=\"527\"><strong>EC \u00c1GUA VERDE (CURITIBA-PR)<\/strong><\/td>\n<td valign=\"top\" width=\"49\">\n<p align=\"center\"><strong>5<\/strong><\/p>\n<\/td>\n<\/tr>\n<tr>\n<td colspan=\"2\" valign=\"top\" width=\"527\"><strong>ISAL EC (IRATI-PR)<\/strong><\/td>\n<td valign=\"top\" width=\"49\">\n<p align=\"center\"><strong>1<\/strong><\/p>\n<\/td>\n<\/tr>\n<tr>\n<td valign=\"top\" width=\"288\">Data: 29 de abril de 1959<\/td>\n<td colspan=\"2\" valign=\"top\" width=\"288\">Local: Irati &#8211; PR<\/td>\n<\/tr>\n<tr>\n<td valign=\"top\" width=\"288\">Juiz: Joel Ferreira Penteado<\/td>\n<td colspan=\"2\" valign=\"top\" width=\"288\">Car\u00e1ter: Amistoso Nacional<\/td>\n<\/tr>\n<tr>\n<td colspan=\"3\" valign=\"top\" width=\"576\">Gols: M\u00e1rio (3), Dula e Japon\u00eas \/ M\u00e1rio<\/td>\n<\/tr>\n<tr>\n<td colspan=\"3\" valign=\"top\" width=\"576\">\u00c1gua Verde(PR): Erol; Am\u00e9rico e Fonti; Ganz, Titure e Caf\u00e9; Valdir (Japon\u00eas), Luizinho, M\u00e1rio, Dula e Mingo.<\/td>\n<\/tr>\n<tr>\n<td colspan=\"3\" valign=\"top\" width=\"576\">Isal(PR): Elizeu; Melancia e Rosalvo (Guairac\u00e1) ; Motor, Pinga e Adelino; Paulista (Luiz) (Amauri), Gaetti, Maiester, M\u00e1rio e Rochinha.<\/td>\n<\/tr>\n<\/tbody>\n<\/table>\n","protected":false},"excerpt":{"rendered":"<p>EC \u00c1GUA VERDE (CURITIBA-PR) 5 ISAL EC (IRATI-PR) 1 Data: 29 de abril de 1959 Local: Irati &#8211; PR Juiz: Joel Ferreira Penteado Car\u00e1ter: Amistoso Nacional Gols: M\u00e1rio (3), Dula e Japon\u00eas \/ M\u00e1rio \u00c1gua Verde(PR): Erol; Am\u00e9rico e Fonti; Ganz, Titure e Caf\u00e9; Valdir (Japon\u00eas), Luizinho, M\u00e1rio, Dula e Mingo. Isal(PR): Elizeu; Melancia e [&hellip;]<\/p>\n","protected":false},"author":6,"featured_media":0,"comment_status":"open","ping_status":"closed","sticky":false,"template":"","format":"standard","meta":{"footnotes":""},"categories":[96,105,108],"tags":[],"class_list":["post-92161","post","type-post","status-publish","format-standard","hentry","category-julio-diogo","category-amistosos-nacionais","category-jogos-historicos"],"_links":{"self":[{"href":"https:\/\/historiadofutebol.com\/blog\/index.php?rest_route=\/wp\/v2\/posts\/92161","targetHints":{"allow":["GET"]}}],"collection":[{"href":"https:\/\/historiadofutebol.com\/blog\/index.php?rest_route=\/wp\/v2\/posts"}],"about":[{"href":"https:\/\/historiadofutebol.com\/blog\/index.php?rest_route=\/wp\/v2\/types\/post"}],"author":[{"embeddable":true,"href":"https:\/\/historiadofutebol.com\/blog\/index.php?rest_route=\/wp\/v2\/users\/6"}],"replies":[{"embeddable":true,"href":"https:\/\/historiadofutebol.com\/blog\/index.php?rest_route=%2Fwp%2Fv2%2Fcomments&post=92161"}],"version-history":[{"count":2,"href":"https:\/\/historiadofutebol.com\/blog\/index.php?rest_route=\/wp\/v2\/posts\/92161\/revisions"}],"predecessor-version":[{"id":92163,"href":"https:\/\/historiadofutebol.com\/blog\/index.php?rest_route=\/wp\/v2\/posts\/92161\/revisions\/92163"}],"wp:attachment":[{"href":"https:\/\/historiadofutebol.com\/blog\/index.php?rest_route=%2Fwp%2Fv2%2Fmedia&parent=92161"}],"wp:term":[{"taxonomy":"category","embeddable":true,"href":"https:\/\/historiadofutebol.com\/blog\/index.php?rest_route=%2Fwp%2Fv2%2Fcategories&post=92161"},{"taxonomy":"post_tag","embeddable":true,"href":"https:\/\/historiadofutebol.com\/blog\/index.php?rest_route=%2Fwp%2Fv2%2Ftags&post=92161"}],"curies":[{"name":"wp","href":"https:\/\/api.w.org\/{rel}","templated":true}]}}