{"id":92049,"date":"2016-07-24T12:16:04","date_gmt":"2016-07-24T15:16:04","guid":{"rendered":"https:\/\/historiadofutebol.com\/blog\/?p=92049"},"modified":"2016-07-24T12:16:04","modified_gmt":"2016-07-24T15:16:04","slug":"foto-rara-de-1955-sao-cristovao-futebol-e-regatas-%e2%80%93-rio-de-janeiro-rj","status":"publish","type":"post","link":"https:\/\/historiadofutebol.com\/blog\/?p=92049","title":{"rendered":"Foto Rara, de 1955: S\u00e3o Crist\u00f3v\u00e3o Futebol e Regatas \u2013 Rio de Janeiro (RJ)"},"content":{"rendered":"<p><em>\u00a0<img loading=\"lazy\" decoding=\"async\" class=\"aligncenter size-full wp-image-92050\" src=\"https:\/\/historiadofutebol.com\/blog\/wp-content\/uploads\/2016\/07\/1956-Sao-Cristovao.jpg\" alt=\"\" width=\"4420\" height=\"3168\" srcset=\"https:\/\/historiadofutebol.com\/blog\/wp-content\/uploads\/2016\/07\/1956-Sao-Cristovao.jpg 4420w, https:\/\/historiadofutebol.com\/blog\/wp-content\/uploads\/2016\/07\/1956-Sao-Cristovao-300x215.jpg 300w, https:\/\/historiadofutebol.com\/blog\/wp-content\/uploads\/2016\/07\/1956-Sao-Cristovao-500x358.jpg 500w\" sizes=\"auto, (max-width: 4420px) 100vw, 4420px\" \/><\/em><\/p>\n<p><strong><em>FONTE:<\/em><\/strong><em> Revista Sport Ilustrado<\/em><\/p>\n","protected":false},"excerpt":{"rendered":"<p>\u00a0 FONTE: Revista Sport Ilustrado<\/p>\n","protected":false},"author":55,"featured_media":0,"comment_status":"open","ping_status":"closed","sticky":false,"template":"","format":"standard","meta":{"footnotes":""},"categories":[203,345,3,47,76],"tags":[],"class_list":["post-92049","post","type-post","status-publish","format-standard","hentry","category-sergio-mello","category-fotos-historicas","category-historia-do-futebol","category-rio-de-janeiro","category-antigo-estado-do-rio"],"_links":{"self":[{"href":"https:\/\/historiadofutebol.com\/blog\/index.php?rest_route=\/wp\/v2\/posts\/92049","targetHints":{"allow":["GET"]}}],"collection":[{"href":"https:\/\/historiadofutebol.com\/blog\/index.php?rest_route=\/wp\/v2\/posts"}],"about":[{"href":"https:\/\/historiadofutebol.com\/blog\/index.php?rest_route=\/wp\/v2\/types\/post"}],"author":[{"embeddable":true,"href":"https:\/\/historiadofutebol.com\/blog\/index.php?rest_route=\/wp\/v2\/users\/55"}],"replies":[{"embeddable":true,"href":"https:\/\/historiadofutebol.com\/blog\/index.php?rest_route=%2Fwp%2Fv2%2Fcomments&post=92049"}],"version-history":[{"count":1,"href":"https:\/\/historiadofutebol.com\/blog\/index.php?rest_route=\/wp\/v2\/posts\/92049\/revisions"}],"predecessor-version":[{"id":92051,"href":"https:\/\/historiadofutebol.com\/blog\/index.php?rest_route=\/wp\/v2\/posts\/92049\/revisions\/92051"}],"wp:attachment":[{"href":"https:\/\/historiadofutebol.com\/blog\/index.php?rest_route=%2Fwp%2Fv2%2Fmedia&parent=92049"}],"wp:term":[{"taxonomy":"category","embeddable":true,"href":"https:\/\/historiadofutebol.com\/blog\/index.php?rest_route=%2Fwp%2Fv2%2Fcategories&post=92049"},{"taxonomy":"post_tag","embeddable":true,"href":"https:\/\/historiadofutebol.com\/blog\/index.php?rest_route=%2Fwp%2Fv2%2Ftags&post=92049"}],"curies":[{"name":"wp","href":"https:\/\/api.w.org\/{rel}","templated":true}]}}