{"id":92045,"date":"2016-07-24T12:11:01","date_gmt":"2016-07-24T15:11:01","guid":{"rendered":"https:\/\/historiadofutebol.com\/blog\/?p=92045"},"modified":"2016-07-24T12:11:01","modified_gmt":"2016-07-24T15:11:01","slug":"foto-rara-de-1955-associacao-atletica-portuguesa-%e2%80%93-rio-de-janeiro-rj","status":"publish","type":"post","link":"https:\/\/historiadofutebol.com\/blog\/?p=92045","title":{"rendered":"Foto Rara, de 1955: Associa\u00e7\u00e3o Atl\u00e9tica Portuguesa \u2013 Rio de Janeiro (RJ)"},"content":{"rendered":"<p><em>\u00a0<img loading=\"lazy\" decoding=\"async\" class=\"aligncenter size-full wp-image-92046\" src=\"https:\/\/historiadofutebol.com\/blog\/wp-content\/uploads\/2016\/07\/1956-Portuguesa.jpg\" alt=\"\" width=\"4344\" height=\"3200\" srcset=\"https:\/\/historiadofutebol.com\/blog\/wp-content\/uploads\/2016\/07\/1956-Portuguesa.jpg 4344w, https:\/\/historiadofutebol.com\/blog\/wp-content\/uploads\/2016\/07\/1956-Portuguesa-300x220.jpg 300w, https:\/\/historiadofutebol.com\/blog\/wp-content\/uploads\/2016\/07\/1956-Portuguesa-500x368.jpg 500w\" sizes=\"auto, (max-width: 4344px) 100vw, 4344px\" \/><\/em><\/p>\n<p><strong><em>FONTE:<\/em><\/strong><em> Revista Sport Ilustrado<\/em><\/p>\n","protected":false},"excerpt":{"rendered":"<p>\u00a0 FONTE: Revista Sport Ilustrado<\/p>\n","protected":false},"author":55,"featured_media":0,"comment_status":"open","ping_status":"closed","sticky":false,"template":"","format":"standard","meta":{"footnotes":""},"categories":[203,345,3,47,76],"tags":[],"class_list":["post-92045","post","type-post","status-publish","format-standard","hentry","category-sergio-mello","category-fotos-historicas","category-historia-do-futebol","category-rio-de-janeiro","category-antigo-estado-do-rio"],"_links":{"self":[{"href":"https:\/\/historiadofutebol.com\/blog\/index.php?rest_route=\/wp\/v2\/posts\/92045","targetHints":{"allow":["GET"]}}],"collection":[{"href":"https:\/\/historiadofutebol.com\/blog\/index.php?rest_route=\/wp\/v2\/posts"}],"about":[{"href":"https:\/\/historiadofutebol.com\/blog\/index.php?rest_route=\/wp\/v2\/types\/post"}],"author":[{"embeddable":true,"href":"https:\/\/historiadofutebol.com\/blog\/index.php?rest_route=\/wp\/v2\/users\/55"}],"replies":[{"embeddable":true,"href":"https:\/\/historiadofutebol.com\/blog\/index.php?rest_route=%2Fwp%2Fv2%2Fcomments&post=92045"}],"version-history":[{"count":2,"href":"https:\/\/historiadofutebol.com\/blog\/index.php?rest_route=\/wp\/v2\/posts\/92045\/revisions"}],"predecessor-version":[{"id":92048,"href":"https:\/\/historiadofutebol.com\/blog\/index.php?rest_route=\/wp\/v2\/posts\/92045\/revisions\/92048"}],"wp:attachment":[{"href":"https:\/\/historiadofutebol.com\/blog\/index.php?rest_route=%2Fwp%2Fv2%2Fmedia&parent=92045"}],"wp:term":[{"taxonomy":"category","embeddable":true,"href":"https:\/\/historiadofutebol.com\/blog\/index.php?rest_route=%2Fwp%2Fv2%2Fcategories&post=92045"},{"taxonomy":"post_tag","embeddable":true,"href":"https:\/\/historiadofutebol.com\/blog\/index.php?rest_route=%2Fwp%2Fv2%2Ftags&post=92045"}],"curies":[{"name":"wp","href":"https:\/\/api.w.org\/{rel}","templated":true}]}}