{"id":91375,"date":"2016-07-03T15:12:12","date_gmt":"2016-07-03T18:12:12","guid":{"rendered":"https:\/\/historiadofutebol.com\/blog\/?p=91375"},"modified":"2016-07-03T15:12:12","modified_gmt":"2016-07-03T18:12:12","slug":"associacao-atletica-vila-isabel-rio-de-janeiro-rj-escudo-dos-anos-70","status":"publish","type":"post","link":"https:\/\/historiadofutebol.com\/blog\/?p=91375","title":{"rendered":"Associa\u00e7\u00e3o Atl\u00e9tica Vila Isabel &#8211; Rio de Janeiro (RJ): Escudo dos anos 70"},"content":{"rendered":"<p><img loading=\"lazy\" decoding=\"async\" class=\"aligncenter size-large wp-image-91376\" src=\"https:\/\/historiadofutebol.com\/blog\/wp-content\/uploads\/2016\/07\/23-500x346.jpg\" alt=\"\" width=\"500\" height=\"346\" srcset=\"https:\/\/historiadofutebol.com\/blog\/wp-content\/uploads\/2016\/07\/23-500x346.jpg 500w, https:\/\/historiadofutebol.com\/blog\/wp-content\/uploads\/2016\/07\/23-300x207.jpg 300w, https:\/\/historiadofutebol.com\/blog\/wp-content\/uploads\/2016\/07\/23.jpg 1054w\" sizes=\"auto, (max-width: 500px) 100vw, 500px\" \/><\/p>\n<p><img loading=\"lazy\" decoding=\"async\" class=\"aligncenter size-large wp-image-91377\" src=\"https:\/\/historiadofutebol.com\/blog\/wp-content\/uploads\/2016\/07\/222-292x500.jpg\" alt=\"\" width=\"292\" height=\"500\" srcset=\"https:\/\/historiadofutebol.com\/blog\/wp-content\/uploads\/2016\/07\/222-292x500.jpg 292w, https:\/\/historiadofutebol.com\/blog\/wp-content\/uploads\/2016\/07\/222-175x300.jpg 175w, https:\/\/historiadofutebol.com\/blog\/wp-content\/uploads\/2016\/07\/222-300x513.jpg 300w, https:\/\/historiadofutebol.com\/blog\/wp-content\/uploads\/2016\/07\/222.jpg 346w\" sizes=\"auto, (max-width: 292px) 100vw, 292px\" \/><\/p>\n<p><em><strong>FONTE:<\/strong> Mercado Livre<\/em><\/p>\n","protected":false},"excerpt":{"rendered":"<p>FONTE: Mercado Livre<\/p>\n","protected":false},"author":55,"featured_media":0,"comment_status":"open","ping_status":"closed","sticky":false,"template":"","format":"standard","meta":{"footnotes":""},"categories":[203,59,345,3,47,76],"tags":[],"class_list":["post-91375","post","type-post","status-publish","format-standard","hentry","category-sergio-mello","category-escudos","category-fotos-historicas","category-historia-do-futebol","category-rio-de-janeiro","category-antigo-estado-do-rio"],"_links":{"self":[{"href":"https:\/\/historiadofutebol.com\/blog\/index.php?rest_route=\/wp\/v2\/posts\/91375","targetHints":{"allow":["GET"]}}],"collection":[{"href":"https:\/\/historiadofutebol.com\/blog\/index.php?rest_route=\/wp\/v2\/posts"}],"about":[{"href":"https:\/\/historiadofutebol.com\/blog\/index.php?rest_route=\/wp\/v2\/types\/post"}],"author":[{"embeddable":true,"href":"https:\/\/historiadofutebol.com\/blog\/index.php?rest_route=\/wp\/v2\/users\/55"}],"replies":[{"embeddable":true,"href":"https:\/\/historiadofutebol.com\/blog\/index.php?rest_route=%2Fwp%2Fv2%2Fcomments&post=91375"}],"version-history":[{"count":1,"href":"https:\/\/historiadofutebol.com\/blog\/index.php?rest_route=\/wp\/v2\/posts\/91375\/revisions"}],"predecessor-version":[{"id":91378,"href":"https:\/\/historiadofutebol.com\/blog\/index.php?rest_route=\/wp\/v2\/posts\/91375\/revisions\/91378"}],"wp:attachment":[{"href":"https:\/\/historiadofutebol.com\/blog\/index.php?rest_route=%2Fwp%2Fv2%2Fmedia&parent=91375"}],"wp:term":[{"taxonomy":"category","embeddable":true,"href":"https:\/\/historiadofutebol.com\/blog\/index.php?rest_route=%2Fwp%2Fv2%2Fcategories&post=91375"},{"taxonomy":"post_tag","embeddable":true,"href":"https:\/\/historiadofutebol.com\/blog\/index.php?rest_route=%2Fwp%2Fv2%2Ftags&post=91375"}],"curies":[{"name":"wp","href":"https:\/\/api.w.org\/{rel}","templated":true}]}}