{"id":91369,"date":"2016-07-03T15:03:17","date_gmt":"2016-07-03T18:03:17","guid":{"rendered":"https:\/\/historiadofutebol.com\/blog\/?p=91369"},"modified":"2022-04-13T21:06:51","modified_gmt":"2022-04-14T00:06:51","slug":"sport-club-bage-primeiro-clube-da-cidade-de-bage-rs","status":"publish","type":"post","link":"https:\/\/historiadofutebol.com\/blog\/?p=91369","title":{"rendered":"Sport Club Bag\u00e9 &#8211; 1\u00aa agremia\u00e7\u00e3o da cidade de Bag\u00e9 (RS)"},"content":{"rendered":"\n<p><\/p>\n\n\n\n<div class=\"wp-block-image\"><figure class=\"aligncenter size-full\"><img loading=\"lazy\" decoding=\"async\" width=\"293\" height=\"500\" src=\"https:\/\/historiadofutebol.com\/blog\/wp-content\/uploads\/2022\/04\/SCBage.png\" alt=\"\" class=\"wp-image-125363\" srcset=\"https:\/\/historiadofutebol.com\/blog\/wp-content\/uploads\/2022\/04\/SCBage.png 293w, https:\/\/historiadofutebol.com\/blog\/wp-content\/uploads\/2022\/04\/SCBage-176x300.png 176w\" sizes=\"auto, (max-width: 293px) 100vw, 293px\" \/><\/figure><\/div>\n\n\n\n<p>Equipe do <em><strong>Sport Club Bag\u00e9<\/strong><\/em>, em <em><strong>1906<\/strong><\/em>, fundado no dia 15 de novembro daquele ano. Este clube introduziu o futebol na cidade de Bag\u00e9 e tinha como cores o amarelo e preto.<\/p>\n\n\n\n<figure class=\"wp-block-image size-full is-resized\"><img loading=\"lazy\" decoding=\"async\" src=\"https:\/\/historiadofutebol.com\/blog\/wp-content\/uploads\/2022\/04\/Team_of_Sport_Club_Bage_in_1906.jpg\" alt=\"\" class=\"wp-image-125364\" width=\"654\" height=\"495\"\/><\/figure>\n\n\n\n<p>O ent\u00e3o capit\u00e3o do Rio Grande, Arthur Lawson, pediu a Gede\u00e3o Ratto que criasse um clube de futebol em Bag\u00e9. A ata foi lavrada no mesmo dia, surgindo o Sport Club Bag\u00e9, que viria a ter as cores amarela e preta.<\/p>\n\n\n\n<p><strong><em>F<\/em><\/strong><em><strong>ONTES: <\/strong>Mois\u00e9s H. G. Cunha &#8211; Wikip\u00e9dia<\/em><\/p>\n","protected":false},"excerpt":{"rendered":"<p>Equipe do Sport Club Bag\u00e9, em 1906, fundado no dia 15 de novembro daquele ano. Este clube introduziu o futebol na cidade de Bag\u00e9 e tinha como cores o amarelo e preto. O ent\u00e3o capit\u00e3o do Rio Grande, Arthur Lawson, pediu a Gede\u00e3o Ratto que criasse um clube de futebol em Bag\u00e9. A ata foi [&hellip;]<\/p>\n","protected":false},"author":55,"featured_media":0,"comment_status":"open","ping_status":"closed","sticky":false,"template":"","format":"standard","meta":{"footnotes":""},"categories":[203,743,59,46],"tags":[],"class_list":["post-91369","post","type-post","status-publish","format-standard","hentry","category-sergio-mello","category-douglas-marcelo-rambor","category-escudos","category-rg-do-sul"],"_links":{"self":[{"href":"https:\/\/historiadofutebol.com\/blog\/index.php?rest_route=\/wp\/v2\/posts\/91369","targetHints":{"allow":["GET"]}}],"collection":[{"href":"https:\/\/historiadofutebol.com\/blog\/index.php?rest_route=\/wp\/v2\/posts"}],"about":[{"href":"https:\/\/historiadofutebol.com\/blog\/index.php?rest_route=\/wp\/v2\/types\/post"}],"author":[{"embeddable":true,"href":"https:\/\/historiadofutebol.com\/blog\/index.php?rest_route=\/wp\/v2\/users\/55"}],"replies":[{"embeddable":true,"href":"https:\/\/historiadofutebol.com\/blog\/index.php?rest_route=%2Fwp%2Fv2%2Fcomments&post=91369"}],"version-history":[{"count":4,"href":"https:\/\/historiadofutebol.com\/blog\/index.php?rest_route=\/wp\/v2\/posts\/91369\/revisions"}],"predecessor-version":[{"id":125365,"href":"https:\/\/historiadofutebol.com\/blog\/index.php?rest_route=\/wp\/v2\/posts\/91369\/revisions\/125365"}],"wp:attachment":[{"href":"https:\/\/historiadofutebol.com\/blog\/index.php?rest_route=%2Fwp%2Fv2%2Fmedia&parent=91369"}],"wp:term":[{"taxonomy":"category","embeddable":true,"href":"https:\/\/historiadofutebol.com\/blog\/index.php?rest_route=%2Fwp%2Fv2%2Fcategories&post=91369"},{"taxonomy":"post_tag","embeddable":true,"href":"https:\/\/historiadofutebol.com\/blog\/index.php?rest_route=%2Fwp%2Fv2%2Ftags&post=91369"}],"curies":[{"name":"wp","href":"https:\/\/api.w.org\/{rel}","templated":true}]}}