{"id":91019,"date":"2016-06-26T18:30:05","date_gmt":"2016-06-26T21:30:05","guid":{"rendered":"https:\/\/historiadofutebol.com\/blog\/?p=91019"},"modified":"2016-06-26T18:30:05","modified_gmt":"2016-06-26T21:30:05","slug":"foto-rara-de-1954-selecao-de-rio-branco-atual-roraima","status":"publish","type":"post","link":"https:\/\/historiadofutebol.com\/blog\/?p=91019","title":{"rendered":"Foto Rara, de 1954: Sele\u00e7\u00e3o de Rio Branco (atual Roraima)"},"content":{"rendered":"<p><img loading=\"lazy\" decoding=\"async\" class=\"aligncenter size-large wp-image-91022\" src=\"https:\/\/historiadofutebol.com\/blog\/wp-content\/uploads\/2016\/06\/243-500x317.jpg\" alt=\"\" width=\"500\" height=\"317\" srcset=\"https:\/\/historiadofutebol.com\/blog\/wp-content\/uploads\/2016\/06\/243-500x317.jpg 500w, https:\/\/historiadofutebol.com\/blog\/wp-content\/uploads\/2016\/06\/243-300x190.jpg 300w, https:\/\/historiadofutebol.com\/blog\/wp-content\/uploads\/2016\/06\/243.jpg 1148w\" sizes=\"auto, (max-width: 500px) 100vw, 500px\" \/><\/p>\n<p><img loading=\"lazy\" decoding=\"async\" class=\"aligncenter size-full wp-image-91020\" src=\"https:\/\/historiadofutebol.com\/blog\/wp-content\/uploads\/2016\/06\/229.jpg\" alt=\"\" width=\"2952\" height=\"1664\" srcset=\"https:\/\/historiadofutebol.com\/blog\/wp-content\/uploads\/2016\/06\/229.jpg 2952w, https:\/\/historiadofutebol.com\/blog\/wp-content\/uploads\/2016\/06\/229-300x169.jpg 300w, https:\/\/historiadofutebol.com\/blog\/wp-content\/uploads\/2016\/06\/229-500x281.jpg 500w\" sizes=\"auto, (max-width: 2952px) 100vw, 2952px\" \/><\/p>\n<p><img loading=\"lazy\" decoding=\"async\" class=\"aligncenter size-full wp-image-91021\" src=\"https:\/\/historiadofutebol.com\/blog\/wp-content\/uploads\/2016\/06\/235.jpg\" alt=\"\" width=\"3200\" height=\"416\" srcset=\"https:\/\/historiadofutebol.com\/blog\/wp-content\/uploads\/2016\/06\/235.jpg 3200w, https:\/\/historiadofutebol.com\/blog\/wp-content\/uploads\/2016\/06\/235-300x39.jpg 300w, https:\/\/historiadofutebol.com\/blog\/wp-content\/uploads\/2016\/06\/235-500x65.jpg 500w\" sizes=\"auto, (max-width: 3200px) 100vw, 3200px\" \/><\/p>\n<p><strong>OBSERVA\u00c7\u00c3O: <\/strong><\/p>\n<p>O <strong><em>Territ\u00f3rio Federal do Rio Branco <\/em><\/strong>foi um territ\u00f3rio federal brasileiro desmembrado do Amazonas <em>no dia 13 de Setembro de 1943<\/em>. Alterou o nome em 1962, para <strong><em>Territ\u00f3rio Federal de Roraima<\/em><\/strong>, o qual em 1988 foi extinto e deu lugar ao <strong><em>Estado de Roraima<\/em><\/strong>. Sua capital era Boa Vista, que continuou a ser a capital do futuro estado.<\/p>\n<p><img loading=\"lazy\" decoding=\"async\" class=\"aligncenter size-large wp-image-91023\" src=\"https:\/\/historiadofutebol.com\/blog\/wp-content\/uploads\/2016\/06\/251-478x500.jpg\" alt=\"\" width=\"478\" height=\"500\" srcset=\"https:\/\/historiadofutebol.com\/blog\/wp-content\/uploads\/2016\/06\/251-478x500.jpg 478w, https:\/\/historiadofutebol.com\/blog\/wp-content\/uploads\/2016\/06\/251-287x300.jpg 287w, https:\/\/historiadofutebol.com\/blog\/wp-content\/uploads\/2016\/06\/251-300x313.jpg 300w, https:\/\/historiadofutebol.com\/blog\/wp-content\/uploads\/2016\/06\/251-24x24.jpg 24w, https:\/\/historiadofutebol.com\/blog\/wp-content\/uploads\/2016\/06\/251.jpg 574w\" sizes=\"auto, (max-width: 478px) 100vw, 478px\" \/><\/p>\n<p>Criado pelo Decreto-lei n.\u00ba 5812, de 13 de setembro de 1943, o territ\u00f3rio foi delimitado pelo Decreto-lei 6550, de 31 de maio do ano seguinte, com as seguintes delimita\u00e7\u00f5es, estabelecidas no inciso b de seu artigo primeiro:<\/p>\n<p><em>Territ\u00f3rio Federal do Rio Branco &#8211; a Oeste, Norte e Leste, os limites com a Rep\u00fablica da Venezuela e a Guiana Inglesa; a Sueste e Sul, o rio Jamund\u00e1 ou Nhamund\u00e1, da sua nascente principal na Serra Uassari at\u00e9 o paralelo da nascente principal do rio Alala\u00fa, seguindo por esse paralelo at\u00e9 alcan\u00e7ar a referida nascente; o rio Alala\u00fa, at\u00e9 a sua foz no rio Jauaperi, descendo por este at\u00e9 a sua foz no rio Negro e por este rio acima at\u00e9 a foz do rio Jufari; &#8211; a Sudoeste, o rio Jufari, desde a sua foz at\u00e9 a sua nascente principal; o divisor de \u00e1guas entre os rios Demeni e Xeruini, desde a nascente principal do Jufar\u00ed at\u00e9 o divisor de \u00e1guas entre o Demen\u00ed e o Catrimani; este divisor at\u00e9 encontrar o paralelo que passa pela nascente principal do rio Catrimani e seguindo por este paralelo at\u00e9 a serra Parima;<\/em><\/p>\n<p><em>Ainda segundo o mesmo decreto, o territ\u00f3rio possu\u00eda somente dois munic\u00edpios: a capital Boa Vista e Catrimani, este formado com parte do Munic\u00edpio da Moura, ambos oriundos do Amazonas.<\/em><\/p>\n<p>&nbsp;<\/p>\n<p><strong><em>FONTES:<\/em><\/strong><em> Wikip\u00e9dia &#8211; Institucional (31\/5\/1944) &#8211; Dec. Lei 6550\/44 &#8211; Casa Civil da Presid\u00eancia da Rep\u00fablica &#8211; Sport Ilustrado<\/em><\/p>\n<p>&nbsp;<\/p>\n","protected":false},"excerpt":{"rendered":"<p>OBSERVA\u00c7\u00c3O: O Territ\u00f3rio Federal do Rio Branco foi um territ\u00f3rio federal brasileiro desmembrado do Amazonas no dia 13 de Setembro de 1943. Alterou o nome em 1962, para Territ\u00f3rio Federal de Roraima, o qual em 1988 foi extinto e deu lugar ao Estado de Roraima. Sua capital era Boa Vista, que continuou a ser a [&hellip;]<\/p>\n","protected":false},"author":55,"featured_media":0,"comment_status":"open","ping_status":"closed","sticky":false,"template":"","format":"standard","meta":{"footnotes":""},"categories":[203,83,59,345,3,49],"tags":[],"class_list":["post-91019","post","type-post","status-publish","format-standard","hentry","category-sergio-mello","category-x9-curiosidades","category-escudos","category-fotos-historicas","category-historia-do-futebol","category-roraima"],"_links":{"self":[{"href":"https:\/\/historiadofutebol.com\/blog\/index.php?rest_route=\/wp\/v2\/posts\/91019","targetHints":{"allow":["GET"]}}],"collection":[{"href":"https:\/\/historiadofutebol.com\/blog\/index.php?rest_route=\/wp\/v2\/posts"}],"about":[{"href":"https:\/\/historiadofutebol.com\/blog\/index.php?rest_route=\/wp\/v2\/types\/post"}],"author":[{"embeddable":true,"href":"https:\/\/historiadofutebol.com\/blog\/index.php?rest_route=\/wp\/v2\/users\/55"}],"replies":[{"embeddable":true,"href":"https:\/\/historiadofutebol.com\/blog\/index.php?rest_route=%2Fwp%2Fv2%2Fcomments&post=91019"}],"version-history":[{"count":1,"href":"https:\/\/historiadofutebol.com\/blog\/index.php?rest_route=\/wp\/v2\/posts\/91019\/revisions"}],"predecessor-version":[{"id":91024,"href":"https:\/\/historiadofutebol.com\/blog\/index.php?rest_route=\/wp\/v2\/posts\/91019\/revisions\/91024"}],"wp:attachment":[{"href":"https:\/\/historiadofutebol.com\/blog\/index.php?rest_route=%2Fwp%2Fv2%2Fmedia&parent=91019"}],"wp:term":[{"taxonomy":"category","embeddable":true,"href":"https:\/\/historiadofutebol.com\/blog\/index.php?rest_route=%2Fwp%2Fv2%2Fcategories&post=91019"},{"taxonomy":"post_tag","embeddable":true,"href":"https:\/\/historiadofutebol.com\/blog\/index.php?rest_route=%2Fwp%2Fv2%2Ftags&post=91019"}],"curies":[{"name":"wp","href":"https:\/\/api.w.org\/{rel}","templated":true}]}}