{"id":896,"date":"2007-11-29T20:06:01","date_gmt":"2007-11-29T23:06:01","guid":{"rendered":"http:\/\/blog.soccerlogos.com.br\/2007\/11\/29\/newsalexis-ferrero-devera-ser-o-16%c2%ba-argentino-da-historia-do-botafogo\/"},"modified":"2007-11-29T20:06:01","modified_gmt":"2007-11-29T23:06:01","slug":"newsalexis-ferrero-devera-ser-o-16%c2%ba-argentino-da-historia-do-botafogo","status":"publish","type":"post","link":"https:\/\/historiadofutebol.com\/blog\/?p=896","title":{"rendered":"NEWS:Alexis Ferrero dever\u00e1 ser o 16\u00ba argentino da hist\u00f3ria do Botafogo"},"content":{"rendered":"<p>O Botafogo dever\u00e1 anunciar nos pr\u00f3ximos dias a contrata\u00e7\u00e3o do zagueiro argentino Alexis Ferrero, do Tigre-ARG, segundo colocado no Torneio Apertura do Campeonato Argentino. Ricardo Rothenberg, colaborador da diretoria alvinegra, est\u00e1 no pa\u00eds vizinho e pode trazer o defensor de 28 anos em seu retorno ao Brasil.<\/p>\n<p>Ferrero seria o 16\u00ba argentino da hist\u00f3ria botafoguense. O primeiro foi o atacante Eustachio Ruiz, em 1924, e o \u00faltimo o tamb\u00e9m atacante Raul Estevez, o Pipa, em 2004.<\/p>\n<p>Tr\u00eas se destacaram de forma especial: o centro-m\u00e9dio Carlo Santamaria, que chegou ao clube em 1941; o zagueiro Oscar Basso, titular em 1950 e at\u00e9 hoje escalado em &#8220;equipes de todos os tempos&#8221; do Alvinegro, e o atacante Rodolfo Fischer, vice-campe\u00e3o brasileiro de 1972.<\/p>\n<p>Dois casos curiosos foram registrados com o zagueiro Luis Monti, o zagueiro Eduardo Beheregaray e o goleiro Cileno Cuello. Os dois primeiros atuaram pelo Botafogo em 1918, mas at\u00e9 hoje n\u00e3o se sabe ao certo se eram argentinos ou uruguaios, por conta de informa\u00e7\u00f5es truncadas em diversas fontes de pesquisa. Cuello, por sua vez, foi contratado no in\u00edcio dos anos 40, ap\u00f3s passagem pelo Am\u00e9rica-RJ, mas acabou n\u00e3o atuando por falta de uma oportunidade. Transferiu-se para o S\u00e3o Paulo, onde tamb\u00e9m n\u00e3o chegou a atuar.<\/p>\n<p>Os argentinos do Botafogo:<\/p>\n<p>Eustachio Ruiz &#8211; Atacante &#8211; 1924<br \/>\nCileno Cuello &#8211; Goleiro &#8211; 1940<br \/>\nCarlo Santamaria &#8211; Centro-m\u00e9dio &#8211; 1941<br \/>\nAlfredo Gonzalez &#8211; Atacante &#8211; 1942<br \/>\nJose Diaz &#8211; Atacante &#8211; 1943<br \/>\nLuiz Laidlaw &#8211; Zagueiro &#8211; 1944<br \/>\nHector Papetti &#8211; Centro-m\u00e9dio &#8211; 1944<br \/>\nRoque Valsecchi &#8211; Atacante &#8211; 1944<br \/>\nAmerico Spinelli &#8211; Centro-m\u00e9dio &#8211; 1945<br \/>\nOscar Basso &#8211; Zagueiro &#8211; 1950<br \/>\nRuben Bravo &#8211; Atacante &#8211; 1952<br \/>\nJuan Lugano &#8211; Goleiro &#8211; 1955<br \/>\nElger Alarcon &#8211; Meia-esquerda &#8211; 1955<br \/>\nRodolfo Fischer &#8211; Atacante &#8211; 1972<br \/>\nRaul Estevez &#8211; Atacante &#8211; 2004<\/p>\n<p>Edu Santos-Portal Uol<\/p>\n","protected":false},"excerpt":{"rendered":"<p>O Botafogo dever\u00e1 anunciar nos pr\u00f3ximos dias a contrata\u00e7\u00e3o do zagueiro argentino Alexis Ferrero, do Tigre-ARG, segundo colocado no Torneio Apertura do Campeonato Argentino. Ricardo Rothenberg, colaborador da diretoria alvinegra, est\u00e1 no pa\u00eds vizinho e pode trazer o defensor de 28 anos em seu retorno ao Brasil. Ferrero seria o 16\u00ba argentino da hist\u00f3ria botafoguense. [&hellip;]<\/p>\n","protected":false},"author":8,"featured_media":0,"comment_status":"open","ping_status":"closed","sticky":false,"template":"","format":"standard","meta":{"footnotes":""},"categories":[62,68,47],"tags":[],"class_list":["post-896","post","type-post","status-publish","format-standard","hentry","category-eduardo-cacella","category-blog-historia-do-futebol","category-rio-de-janeiro"],"_links":{"self":[{"href":"https:\/\/historiadofutebol.com\/blog\/index.php?rest_route=\/wp\/v2\/posts\/896","targetHints":{"allow":["GET"]}}],"collection":[{"href":"https:\/\/historiadofutebol.com\/blog\/index.php?rest_route=\/wp\/v2\/posts"}],"about":[{"href":"https:\/\/historiadofutebol.com\/blog\/index.php?rest_route=\/wp\/v2\/types\/post"}],"author":[{"embeddable":true,"href":"https:\/\/historiadofutebol.com\/blog\/index.php?rest_route=\/wp\/v2\/users\/8"}],"replies":[{"embeddable":true,"href":"https:\/\/historiadofutebol.com\/blog\/index.php?rest_route=%2Fwp%2Fv2%2Fcomments&post=896"}],"version-history":[{"count":0,"href":"https:\/\/historiadofutebol.com\/blog\/index.php?rest_route=\/wp\/v2\/posts\/896\/revisions"}],"wp:attachment":[{"href":"https:\/\/historiadofutebol.com\/blog\/index.php?rest_route=%2Fwp%2Fv2%2Fmedia&parent=896"}],"wp:term":[{"taxonomy":"category","embeddable":true,"href":"https:\/\/historiadofutebol.com\/blog\/index.php?rest_route=%2Fwp%2Fv2%2Fcategories&post=896"},{"taxonomy":"post_tag","embeddable":true,"href":"https:\/\/historiadofutebol.com\/blog\/index.php?rest_route=%2Fwp%2Fv2%2Ftags&post=896"}],"curies":[{"name":"wp","href":"https:\/\/api.w.org\/{rel}","templated":true}]}}