{"id":88113,"date":"2016-05-16T18:40:53","date_gmt":"2016-05-16T21:40:53","guid":{"rendered":"https:\/\/historiadofutebol.com\/blog\/?p=88113"},"modified":"2016-05-16T18:40:53","modified_gmt":"2016-05-16T21:40:53","slug":"jogo-historico-americasp-x-americarj","status":"publish","type":"post","link":"https:\/\/historiadofutebol.com\/blog\/?p=88113","title":{"rendered":"Jogo Hist\u00f3rico &#8211; Am\u00e9rica(SP) x Am\u00e9rica(RJ)"},"content":{"rendered":"<table border=\"1\" cellspacing=\"0\" cellpadding=\"0\">\n<tbody>\n<tr>\n<td colspan=\"2\" valign=\"top\" width=\"589\"><strong>AM\u00c9RICA FC (S\u00c3O JOS\u00c9 DO RIO PRETO \u2013 SP)<\/strong><\/td>\n<td valign=\"top\" width=\"49\">\n<p align=\"center\"><strong>1<\/strong><\/p>\n<\/td>\n<\/tr>\n<tr>\n<td colspan=\"2\" valign=\"top\" width=\"589\"><strong>AM\u00c9RICA FC (RIO DE JANEIRO-RJ)<\/strong><\/td>\n<td valign=\"top\" width=\"49\">\n<p align=\"center\"><strong>1<\/strong><\/p>\n<\/td>\n<\/tr>\n<tr>\n<td valign=\"top\" width=\"271\">DATA: 27 de junho de 1948<\/td>\n<td colspan=\"2\" valign=\"top\" width=\"367\">LOCAL: S\u00e3o Jos\u00e9 do Rio Preto \/ SP<\/td>\n<\/tr>\n<tr>\n<td valign=\"top\" width=\"271\">JUIZ: Licinio Perseguitti<\/td>\n<td colspan=\"2\" valign=\"top\" width=\"367\">CAR\u00c1TER: Amistoso Nacional<\/td>\n<\/tr>\n<tr>\n<td colspan=\"3\" valign=\"top\" width=\"638\">GOLS: Tito \/ Maneco<\/td>\n<\/tr>\n<tr>\n<td colspan=\"3\" valign=\"top\" width=\"638\">Am\u00e9rica(SP): Pedro; Cai Cai e Edgard; Evaristo, Prates e Mimosa; Ernani (Arnaldo), Borgu\u00e9, Miranda, Amon Gomes (Ramos) e Tito.<\/td>\n<\/tr>\n<tr>\n<td colspan=\"3\" valign=\"top\" width=\"638\">Am\u00e9rica(RJ): Osni; Alcides e Joel; Gamb\u00e1, Castanheira (Osvaldinho) e Amaro; Haroldo, Maneco (Robertinho) (Lima), Cesar, Carlinhos e Esquerdinha.<\/td>\n<\/tr>\n<tr>\n<td colspan=\"3\" valign=\"top\" width=\"638\">Obs: O jogo foi realizado para comemorar a inaugura\u00e7\u00e3o do Est\u00e1dio M\u00e1rio Alves de Mendon\u00e7a.<\/td>\n<\/tr>\n<\/tbody>\n<\/table>\n","protected":false},"excerpt":{"rendered":"<p>AM\u00c9RICA FC (S\u00c3O JOS\u00c9 DO RIO PRETO \u2013 SP) 1 AM\u00c9RICA FC (RIO DE JANEIRO-RJ) 1 DATA: 27 de junho de 1948 LOCAL: S\u00e3o Jos\u00e9 do Rio Preto \/ SP JUIZ: Licinio Perseguitti CAR\u00c1TER: Amistoso Nacional GOLS: Tito \/ Maneco Am\u00e9rica(SP): Pedro; Cai Cai e Edgard; Evaristo, Prates e Mimosa; Ernani (Arnaldo), Borgu\u00e9, Miranda, Amon [&hellip;]<\/p>\n","protected":false},"author":6,"featured_media":0,"comment_status":"open","ping_status":"closed","sticky":false,"template":"","format":"standard","meta":{"footnotes":""},"categories":[96,737,105,108],"tags":[],"class_list":["post-88113","post","type-post","status-publish","format-standard","hentry","category-julio-diogo","category-estadios-inauguracoes","category-amistosos-nacionais","category-jogos-historicos"],"_links":{"self":[{"href":"https:\/\/historiadofutebol.com\/blog\/index.php?rest_route=\/wp\/v2\/posts\/88113","targetHints":{"allow":["GET"]}}],"collection":[{"href":"https:\/\/historiadofutebol.com\/blog\/index.php?rest_route=\/wp\/v2\/posts"}],"about":[{"href":"https:\/\/historiadofutebol.com\/blog\/index.php?rest_route=\/wp\/v2\/types\/post"}],"author":[{"embeddable":true,"href":"https:\/\/historiadofutebol.com\/blog\/index.php?rest_route=\/wp\/v2\/users\/6"}],"replies":[{"embeddable":true,"href":"https:\/\/historiadofutebol.com\/blog\/index.php?rest_route=%2Fwp%2Fv2%2Fcomments&post=88113"}],"version-history":[{"count":2,"href":"https:\/\/historiadofutebol.com\/blog\/index.php?rest_route=\/wp\/v2\/posts\/88113\/revisions"}],"predecessor-version":[{"id":88115,"href":"https:\/\/historiadofutebol.com\/blog\/index.php?rest_route=\/wp\/v2\/posts\/88113\/revisions\/88115"}],"wp:attachment":[{"href":"https:\/\/historiadofutebol.com\/blog\/index.php?rest_route=%2Fwp%2Fv2%2Fmedia&parent=88113"}],"wp:term":[{"taxonomy":"category","embeddable":true,"href":"https:\/\/historiadofutebol.com\/blog\/index.php?rest_route=%2Fwp%2Fv2%2Fcategories&post=88113"},{"taxonomy":"post_tag","embeddable":true,"href":"https:\/\/historiadofutebol.com\/blog\/index.php?rest_route=%2Fwp%2Fv2%2Ftags&post=88113"}],"curies":[{"name":"wp","href":"https:\/\/api.w.org\/{rel}","templated":true}]}}