{"id":87774,"date":"2016-05-11T20:00:37","date_gmt":"2016-05-11T23:00:37","guid":{"rendered":"https:\/\/historiadofutebol.com\/blog\/?p=87774"},"modified":"2016-05-11T20:00:37","modified_gmt":"2016-05-11T23:00:37","slug":"amistoso-em-1929-%e2%80%93-palestra-italia-sp-2-x-3-botafogo-football-club-rj","status":"publish","type":"post","link":"https:\/\/historiadofutebol.com\/blog\/?p=87774","title":{"rendered":"Amistoso em 1929 \u2013 Palestra Italia (SP) 2 x 3 Botafogo Football Club (RJ)"},"content":{"rendered":"<p><img loading=\"lazy\" decoding=\"async\" class=\"aligncenter size-full wp-image-87775\" src=\"https:\/\/historiadofutebol.com\/blog\/wp-content\/uploads\/2016\/05\/palestra-x-botafogo-1929-1.jpg\" alt=\"\" width=\"1233\" height=\"722\" srcset=\"https:\/\/historiadofutebol.com\/blog\/wp-content\/uploads\/2016\/05\/palestra-x-botafogo-1929-1.jpg 1233w, https:\/\/historiadofutebol.com\/blog\/wp-content\/uploads\/2016\/05\/palestra-x-botafogo-1929-1-300x175.jpg 300w, https:\/\/historiadofutebol.com\/blog\/wp-content\/uploads\/2016\/05\/palestra-x-botafogo-1929-1-500x292.jpg 500w\" sizes=\"auto, (max-width: 1233px) 100vw, 1233px\" \/><img loading=\"lazy\" decoding=\"async\" class=\"aligncenter size-full wp-image-87777\" src=\"https:\/\/historiadofutebol.com\/blog\/wp-content\/uploads\/2016\/05\/palestra-x-botafogo-1929-2.jpg\" alt=\"\" width=\"1237\" height=\"633\" srcset=\"https:\/\/historiadofutebol.com\/blog\/wp-content\/uploads\/2016\/05\/palestra-x-botafogo-1929-2.jpg 1237w, https:\/\/historiadofutebol.com\/blog\/wp-content\/uploads\/2016\/05\/palestra-x-botafogo-1929-2-300x153.jpg 300w, https:\/\/historiadofutebol.com\/blog\/wp-content\/uploads\/2016\/05\/palestra-x-botafogo-1929-2-500x255.jpg 500w\" sizes=\"auto, (max-width: 1237px) 100vw, 1237px\" \/><img loading=\"lazy\" decoding=\"async\" class=\"aligncenter size-full wp-image-87779\" src=\"https:\/\/historiadofutebol.com\/blog\/wp-content\/uploads\/2016\/05\/palestra-x-botafogo-1929-3.jpg\" alt=\"\" width=\"1225\" height=\"718\" srcset=\"https:\/\/historiadofutebol.com\/blog\/wp-content\/uploads\/2016\/05\/palestra-x-botafogo-1929-3.jpg 1225w, https:\/\/historiadofutebol.com\/blog\/wp-content\/uploads\/2016\/05\/palestra-x-botafogo-1929-3-300x175.jpg 300w, https:\/\/historiadofutebol.com\/blog\/wp-content\/uploads\/2016\/05\/palestra-x-botafogo-1929-3-500x293.jpg 500w\" sizes=\"auto, (max-width: 1225px) 100vw, 1225px\" \/><img loading=\"lazy\" decoding=\"async\" class=\"aligncenter size-full wp-image-87781\" src=\"https:\/\/historiadofutebol.com\/blog\/wp-content\/uploads\/2016\/05\/palestra-x-botafogo-1929-4.jpg\" alt=\"\" width=\"1230\" height=\"596\" srcset=\"https:\/\/historiadofutebol.com\/blog\/wp-content\/uploads\/2016\/05\/palestra-x-botafogo-1929-4.jpg 1230w, https:\/\/historiadofutebol.com\/blog\/wp-content\/uploads\/2016\/05\/palestra-x-botafogo-1929-4-300x145.jpg 300w, https:\/\/historiadofutebol.com\/blog\/wp-content\/uploads\/2016\/05\/palestra-x-botafogo-1929-4-500x242.jpg 500w\" sizes=\"auto, (max-width: 1230px) 100vw, 1230px\" \/><\/p>\n<p>Amistoso em 1929 \u2013 Palestra Italia (SP) 2 x 3 Botafogo Football Club (RJ)<\/p>\n<p>Partida realizada na data de 10 de mar\u00e7o de 1929, em comemora\u00e7\u00e3o ao lan\u00e7amento da pedra fundamental do est\u00e1dio do Palestra Italia, a ser constru\u00eddo em terreno de sua propriedade.<\/p>\n<p>Juiz: Aderval Bastos (RJ)<\/p>\n<p>Gols: Heitor e Carrone (PI) e Ariza, Miguel e Luiz (BFC)<\/p>\n<p>Palestra Italia: Rabello, Bianco e Miguel (Giglio). Peppe, Amilcar e Serafini. Ministrinho, Carrone, Heitor, Patricio e Mello.<\/p>\n<p>Botafogo: Amado, Octacilio e Orlando. Murillo, Aguiar e Pamplona. Ariza, Almir, Luiz, Benedicto (Rogerio) e Juca.<\/p>\n<p>Fontes: revista \u201cA Cigarra\u201d e jornais \u201cCorreio Paulistano\u201d e \u201cA Gazeta\u201d.<\/p>\n","protected":false},"excerpt":{"rendered":"<p>Amistoso em 1929 \u2013 Palestra Italia (SP) 2 x 3 Botafogo Football Club (RJ) Partida realizada na data de 10 de mar\u00e7o de 1929, em comemora\u00e7\u00e3o ao lan\u00e7amento da pedra fundamental do est\u00e1dio do Palestra Italia, a ser constru\u00eddo em terreno de sua propriedade. Juiz: Aderval Bastos (RJ) Gols: Heitor e Carrone (PI) e Ariza, [&hellip;]<\/p>\n","protected":false},"author":47,"featured_media":0,"comment_status":"open","ping_status":"closed","sticky":false,"template":"","format":"standard","meta":{"footnotes":""},"categories":[189,345,3,737,105,47,51],"tags":[],"class_list":["post-87774","post","type-post","status-publish","format-standard","hentry","category-toninho-sereno","category-fotos-historicas","category-historia-do-futebol","category-estadios-inauguracoes","category-amistosos-nacionais","category-rio-de-janeiro","category-sao-paulo"],"_links":{"self":[{"href":"https:\/\/historiadofutebol.com\/blog\/index.php?rest_route=\/wp\/v2\/posts\/87774","targetHints":{"allow":["GET"]}}],"collection":[{"href":"https:\/\/historiadofutebol.com\/blog\/index.php?rest_route=\/wp\/v2\/posts"}],"about":[{"href":"https:\/\/historiadofutebol.com\/blog\/index.php?rest_route=\/wp\/v2\/types\/post"}],"author":[{"embeddable":true,"href":"https:\/\/historiadofutebol.com\/blog\/index.php?rest_route=\/wp\/v2\/users\/47"}],"replies":[{"embeddable":true,"href":"https:\/\/historiadofutebol.com\/blog\/index.php?rest_route=%2Fwp%2Fv2%2Fcomments&post=87774"}],"version-history":[{"count":4,"href":"https:\/\/historiadofutebol.com\/blog\/index.php?rest_route=\/wp\/v2\/posts\/87774\/revisions"}],"predecessor-version":[{"id":87786,"href":"https:\/\/historiadofutebol.com\/blog\/index.php?rest_route=\/wp\/v2\/posts\/87774\/revisions\/87786"}],"wp:attachment":[{"href":"https:\/\/historiadofutebol.com\/blog\/index.php?rest_route=%2Fwp%2Fv2%2Fmedia&parent=87774"}],"wp:term":[{"taxonomy":"category","embeddable":true,"href":"https:\/\/historiadofutebol.com\/blog\/index.php?rest_route=%2Fwp%2Fv2%2Fcategories&post=87774"},{"taxonomy":"post_tag","embeddable":true,"href":"https:\/\/historiadofutebol.com\/blog\/index.php?rest_route=%2Fwp%2Fv2%2Ftags&post=87774"}],"curies":[{"name":"wp","href":"https:\/\/api.w.org\/{rel}","templated":true}]}}