{"id":87664,"date":"2016-05-10T22:37:17","date_gmt":"2016-05-11T01:37:17","guid":{"rendered":"https:\/\/historiadofutebol.com\/blog\/?p=87664"},"modified":"2016-05-10T22:38:06","modified_gmt":"2016-05-11T01:38:06","slug":"foto-rara-bare-esporte-clube-campeao-do-torneio-inicio-e-de-boa-vista-rr-de-1949","status":"publish","type":"post","link":"https:\/\/historiadofutebol.com\/blog\/?p=87664","title":{"rendered":"Foto Rara: Bar\u00e9 Esporte Clube Campe\u00e3o do Torneio In\u00edcio e de Boa Vista (RR), de 1950"},"content":{"rendered":"<p><img loading=\"lazy\" decoding=\"async\" class=\"aligncenter size-large wp-image-87665\" src=\"https:\/\/historiadofutebol.com\/blog\/wp-content\/uploads\/2016\/05\/225-500x337.jpg\" alt=\"\" width=\"500\" height=\"337\" srcset=\"https:\/\/historiadofutebol.com\/blog\/wp-content\/uploads\/2016\/05\/225-500x337.jpg 500w, https:\/\/historiadofutebol.com\/blog\/wp-content\/uploads\/2016\/05\/225-300x202.jpg 300w, https:\/\/historiadofutebol.com\/blog\/wp-content\/uploads\/2016\/05\/225.jpg 1026w\" sizes=\"auto, (max-width: 500px) 100vw, 500px\" \/><\/p>\n<p>O <strong>Bar\u00e9<\/strong> <strong>Esporte Clube<\/strong>, <strong><em>campe\u00e3o do Torneio In\u00edcio <\/em><\/strong>e <strong><em>campe\u00e3o de Boa Vista<\/em><\/strong>, de <em><strong>1950<\/strong><\/em>, na \u00e9poca Territ\u00f3rio Federal de Rio Branco. O quadro do Bar\u00e9, na foto, est\u00e1 formado assim.<\/p>\n<p><img loading=\"lazy\" decoding=\"async\" class=\"aligncenter size-full wp-image-87666\" src=\"https:\/\/historiadofutebol.com\/blog\/wp-content\/uploads\/2016\/05\/213.jpg\" alt=\"\" width=\"3072\" height=\"1628\" srcset=\"https:\/\/historiadofutebol.com\/blog\/wp-content\/uploads\/2016\/05\/213.jpg 3072w, https:\/\/historiadofutebol.com\/blog\/wp-content\/uploads\/2016\/05\/213-300x158.jpg 300w, https:\/\/historiadofutebol.com\/blog\/wp-content\/uploads\/2016\/05\/213-500x264.jpg 500w\" sizes=\"auto, (max-width: 3072px) 100vw, 3072px\" \/><\/p>\n<p><strong><em>EM P\u00c9 (da esquerda para a direita)<\/em><\/strong>: Pedro Sena (\u00e1rbitro), Aquino, Jorge, Ocidente, Rinaldi, Chico, Beto, S\u00e9rgio e Oliveira. \u00a0<strong><em>AGACHADOS (da esquerda para a direita)<\/em><\/strong>: M\u00e1rio (massagista), Caveira, Jorge Castro, Gadelha, C\u00edcero, Bent\u00e9vi e Orlando.<\/p>\n<p>&nbsp;<\/p>\n<p><strong><em><span style=\"text-decoration: underline\">FONTE<\/span><\/em><\/strong><strong><em>: <\/em><\/strong><em>Revista Sport Ilustrado\u00a0<strong><\/strong><\/em><\/p>\n","protected":false},"excerpt":{"rendered":"<p>O Bar\u00e9 Esporte Clube, campe\u00e3o do Torneio In\u00edcio e campe\u00e3o de Boa Vista, de 1950, na \u00e9poca Territ\u00f3rio Federal de Rio Branco. O quadro do Bar\u00e9, na foto, est\u00e1 formado assim. EM P\u00c9 (da esquerda para a direita): Pedro Sena (\u00e1rbitro), Aquino, Jorge, Ocidente, Rinaldi, Chico, Beto, S\u00e9rgio e Oliveira. \u00a0AGACHADOS (da esquerda para a [&hellip;]<\/p>\n","protected":false},"author":55,"featured_media":0,"comment_status":"open","ping_status":"closed","sticky":false,"template":"","format":"standard","meta":{"footnotes":""},"categories":[203,531,83,59,345,3,49],"tags":[],"class_list":["post-87664","post","type-post","status-publish","format-standard","hentry","category-sergio-mello","category-carencias","category-x9-curiosidades","category-escudos","category-fotos-historicas","category-historia-do-futebol","category-roraima"],"_links":{"self":[{"href":"https:\/\/historiadofutebol.com\/blog\/index.php?rest_route=\/wp\/v2\/posts\/87664","targetHints":{"allow":["GET"]}}],"collection":[{"href":"https:\/\/historiadofutebol.com\/blog\/index.php?rest_route=\/wp\/v2\/posts"}],"about":[{"href":"https:\/\/historiadofutebol.com\/blog\/index.php?rest_route=\/wp\/v2\/types\/post"}],"author":[{"embeddable":true,"href":"https:\/\/historiadofutebol.com\/blog\/index.php?rest_route=\/wp\/v2\/users\/55"}],"replies":[{"embeddable":true,"href":"https:\/\/historiadofutebol.com\/blog\/index.php?rest_route=%2Fwp%2Fv2%2Fcomments&post=87664"}],"version-history":[{"count":3,"href":"https:\/\/historiadofutebol.com\/blog\/index.php?rest_route=\/wp\/v2\/posts\/87664\/revisions"}],"predecessor-version":[{"id":87802,"href":"https:\/\/historiadofutebol.com\/blog\/index.php?rest_route=\/wp\/v2\/posts\/87664\/revisions\/87802"}],"wp:attachment":[{"href":"https:\/\/historiadofutebol.com\/blog\/index.php?rest_route=%2Fwp%2Fv2%2Fmedia&parent=87664"}],"wp:term":[{"taxonomy":"category","embeddable":true,"href":"https:\/\/historiadofutebol.com\/blog\/index.php?rest_route=%2Fwp%2Fv2%2Fcategories&post=87664"},{"taxonomy":"post_tag","embeddable":true,"href":"https:\/\/historiadofutebol.com\/blog\/index.php?rest_route=%2Fwp%2Fv2%2Ftags&post=87664"}],"curies":[{"name":"wp","href":"https:\/\/api.w.org\/{rel}","templated":true}]}}