{"id":87253,"date":"2016-05-06T07:59:52","date_gmt":"2016-05-06T10:59:52","guid":{"rendered":"https:\/\/historiadofutebol.com\/blog\/?p=87253"},"modified":"2016-05-06T08:00:05","modified_gmt":"2016-05-06T11:00:05","slug":"foto-historica-sef-junak-curitiba-pr-1935","status":"publish","type":"post","link":"https:\/\/historiadofutebol.com\/blog\/?p=87253","title":{"rendered":"Foto Hist\u00f3rica &#8211; SEF Junak (Curitiba-PR) &#8211; 1935"},"content":{"rendered":"<div id=\"attachment_87255\" style=\"width: 371px\" class=\"wp-caption aligncenter\"><a href=\"https:\/\/historiadofutebol.com\/blog\/?attachment_id=87255\" rel=\"attachment wp-att-87255\"><img loading=\"lazy\" decoding=\"async\" aria-describedby=\"caption-attachment-87255\" class=\"size-full wp-image-87255\" title=\"junak35\" src=\"https:\/\/historiadofutebol.com\/blog\/wp-content\/uploads\/2016\/05\/junak351.jpg\" alt=\"\" width=\"361\" height=\"273\" srcset=\"https:\/\/historiadofutebol.com\/blog\/wp-content\/uploads\/2016\/05\/junak351.jpg 361w, https:\/\/historiadofutebol.com\/blog\/wp-content\/uploads\/2016\/05\/junak351-300x226.jpg 300w\" sizes=\"auto, (max-width: 361px) 100vw, 361px\" \/><\/a><p id=\"caption-attachment-87255\" class=\"wp-caption-text\">Sociedade Educa\u00e7\u00e3o F\u00edsica Junak (Curitiba-PR) - 1935<\/p><\/div>\n","protected":false},"excerpt":{"rendered":"","protected":false},"author":6,"featured_media":0,"comment_status":"open","ping_status":"closed","sticky":false,"template":"","format":"standard","meta":{"footnotes":""},"categories":[96,345,41],"tags":[],"class_list":["post-87253","post","type-post","status-publish","format-standard","hentry","category-julio-diogo","category-fotos-historicas","category-parana"],"_links":{"self":[{"href":"https:\/\/historiadofutebol.com\/blog\/index.php?rest_route=\/wp\/v2\/posts\/87253","targetHints":{"allow":["GET"]}}],"collection":[{"href":"https:\/\/historiadofutebol.com\/blog\/index.php?rest_route=\/wp\/v2\/posts"}],"about":[{"href":"https:\/\/historiadofutebol.com\/blog\/index.php?rest_route=\/wp\/v2\/types\/post"}],"author":[{"embeddable":true,"href":"https:\/\/historiadofutebol.com\/blog\/index.php?rest_route=\/wp\/v2\/users\/6"}],"replies":[{"embeddable":true,"href":"https:\/\/historiadofutebol.com\/blog\/index.php?rest_route=%2Fwp%2Fv2%2Fcomments&post=87253"}],"version-history":[{"count":3,"href":"https:\/\/historiadofutebol.com\/blog\/index.php?rest_route=\/wp\/v2\/posts\/87253\/revisions"}],"predecessor-version":[{"id":87258,"href":"https:\/\/historiadofutebol.com\/blog\/index.php?rest_route=\/wp\/v2\/posts\/87253\/revisions\/87258"}],"wp:attachment":[{"href":"https:\/\/historiadofutebol.com\/blog\/index.php?rest_route=%2Fwp%2Fv2%2Fmedia&parent=87253"}],"wp:term":[{"taxonomy":"category","embeddable":true,"href":"https:\/\/historiadofutebol.com\/blog\/index.php?rest_route=%2Fwp%2Fv2%2Fcategories&post=87253"},{"taxonomy":"post_tag","embeddable":true,"href":"https:\/\/historiadofutebol.com\/blog\/index.php?rest_route=%2Fwp%2Fv2%2Ftags&post=87253"}],"curies":[{"name":"wp","href":"https:\/\/api.w.org\/{rel}","templated":true}]}}