{"id":87226,"date":"2016-05-05T18:35:52","date_gmt":"2016-05-05T21:35:52","guid":{"rendered":"https:\/\/historiadofutebol.com\/blog\/?p=87226"},"modified":"2016-05-05T18:35:52","modified_gmt":"2016-05-05T21:35:52","slug":"amistoso-em-1929-%e2%80%93-sport-club-internacional-0-x-4-combinado-c-a-paulistano-a-a-das-palmeiras-%e2%80%93-sao-paulo-sp","status":"publish","type":"post","link":"https:\/\/historiadofutebol.com\/blog\/?p=87226","title":{"rendered":"Amistoso em 1929 \u2013 Sport Club Internacional 0  x 4 Combinado C.A. Paulistano-A.A. das Palmeiras \u2013 S\u00e3o Paulo-SP"},"content":{"rendered":"<p><img loading=\"lazy\" decoding=\"async\" class=\"aligncenter size-full wp-image-87228\" src=\"https:\/\/historiadofutebol.com\/blog\/wp-content\/uploads\/2016\/05\/Internacional-1929.jpg\" alt=\"\" width=\"861\" height=\"718\" srcset=\"https:\/\/historiadofutebol.com\/blog\/wp-content\/uploads\/2016\/05\/Internacional-1929.jpg 861w, https:\/\/historiadofutebol.com\/blog\/wp-content\/uploads\/2016\/05\/Internacional-1929-300x250.jpg 300w, https:\/\/historiadofutebol.com\/blog\/wp-content\/uploads\/2016\/05\/Internacional-1929-500x416.jpg 500w\" sizes=\"auto, (max-width: 861px) 100vw, 861px\" \/><\/p>\n<p><img loading=\"lazy\" decoding=\"async\" class=\"aligncenter size-full wp-image-87229\" src=\"https:\/\/historiadofutebol.com\/blog\/wp-content\/uploads\/2016\/05\/Paulistano-e-Palmeiras-1929.jpg\" alt=\"\" width=\"713\" height=\"720\" srcset=\"https:\/\/historiadofutebol.com\/blog\/wp-content\/uploads\/2016\/05\/Paulistano-e-Palmeiras-1929.jpg 713w, https:\/\/historiadofutebol.com\/blog\/wp-content\/uploads\/2016\/05\/Paulistano-e-Palmeiras-1929-150x150.jpg 150w, https:\/\/historiadofutebol.com\/blog\/wp-content\/uploads\/2016\/05\/Paulistano-e-Palmeiras-1929-297x300.jpg 297w, https:\/\/historiadofutebol.com\/blog\/wp-content\/uploads\/2016\/05\/Paulistano-e-Palmeiras-1929-495x500.jpg 495w, https:\/\/historiadofutebol.com\/blog\/wp-content\/uploads\/2016\/05\/Paulistano-e-Palmeiras-1929-300x302.jpg 300w, https:\/\/historiadofutebol.com\/blog\/wp-content\/uploads\/2016\/05\/Paulistano-e-Palmeiras-1929-96x96.jpg 96w, https:\/\/historiadofutebol.com\/blog\/wp-content\/uploads\/2016\/05\/Paulistano-e-Palmeiras-1929-24x24.jpg 24w, https:\/\/historiadofutebol.com\/blog\/wp-content\/uploads\/2016\/05\/Paulistano-e-Palmeiras-1929-36x36.jpg 36w, https:\/\/historiadofutebol.com\/blog\/wp-content\/uploads\/2016\/05\/Paulistano-e-Palmeiras-1929-48x48.jpg 48w, https:\/\/historiadofutebol.com\/blog\/wp-content\/uploads\/2016\/05\/Paulistano-e-Palmeiras-1929-64x64.jpg 64w\" sizes=\"auto, (max-width: 713px) 100vw, 713px\" \/><\/p>\n<p>Amistoso em 1929 \u2013 Sport Club Internacional 0 \u00a0x 4 Combinado C.A. Paulistano-A.A. das Palmeiras \u2013 S\u00e3o Paulo-SP<\/p>\n<p>&nbsp;<\/p>\n<p>Partida realizada na data de 13 de janeiro de 1929, no campo da Ch\u00e1cara da Floresta, em comemora\u00e7\u00e3o ao t\u00edtulo de campe\u00e3o paulista de futebol da LAF, de 1928, conseguido pelo Sport Club Internacional de S\u00e3o Paulo-SP.<\/p>\n<p>Juiz: ?<\/p>\n<p>Gols: Fil\u00f3, Octacilio e Zuanella (2)<\/p>\n<p>Internacional: Moreno, Adhemar e Narciso. Rossi, Fritoli e Bastos. Martins, Ministro, Camargo, Sorrentino e Campos.<\/p>\n<p>Paulistano\/Palmeiras: Nestor, Caetano e Faria. Isidoro, Rueda e Abate. Fil\u00f3, Tidoca, Friedenreich, Octacilio e Zuanella.<\/p>\n<p>&nbsp;<\/p>\n<p>Fonte: jornal \u201cCorreio Paulistano\u201d.<\/p>\n","protected":false},"excerpt":{"rendered":"<p>Amistoso em 1929 \u2013 Sport Club Internacional 0 \u00a0x 4 Combinado C.A. Paulistano-A.A. das Palmeiras \u2013 S\u00e3o Paulo-SP &nbsp; Partida realizada na data de 13 de janeiro de 1929, no campo da Ch\u00e1cara da Floresta, em comemora\u00e7\u00e3o ao t\u00edtulo de campe\u00e3o paulista de futebol da LAF, de 1928, conseguido pelo Sport Club Internacional de S\u00e3o [&hellip;]<\/p>\n","protected":false},"author":47,"featured_media":0,"comment_status":"open","ping_status":"closed","sticky":false,"template":"","format":"standard","meta":{"footnotes":""},"categories":[189,345,3,51],"tags":[],"class_list":["post-87226","post","type-post","status-publish","format-standard","hentry","category-toninho-sereno","category-fotos-historicas","category-historia-do-futebol","category-sao-paulo"],"_links":{"self":[{"href":"https:\/\/historiadofutebol.com\/blog\/index.php?rest_route=\/wp\/v2\/posts\/87226","targetHints":{"allow":["GET"]}}],"collection":[{"href":"https:\/\/historiadofutebol.com\/blog\/index.php?rest_route=\/wp\/v2\/posts"}],"about":[{"href":"https:\/\/historiadofutebol.com\/blog\/index.php?rest_route=\/wp\/v2\/types\/post"}],"author":[{"embeddable":true,"href":"https:\/\/historiadofutebol.com\/blog\/index.php?rest_route=\/wp\/v2\/users\/47"}],"replies":[{"embeddable":true,"href":"https:\/\/historiadofutebol.com\/blog\/index.php?rest_route=%2Fwp%2Fv2%2Fcomments&post=87226"}],"version-history":[{"count":2,"href":"https:\/\/historiadofutebol.com\/blog\/index.php?rest_route=\/wp\/v2\/posts\/87226\/revisions"}],"predecessor-version":[{"id":87231,"href":"https:\/\/historiadofutebol.com\/blog\/index.php?rest_route=\/wp\/v2\/posts\/87226\/revisions\/87231"}],"wp:attachment":[{"href":"https:\/\/historiadofutebol.com\/blog\/index.php?rest_route=%2Fwp%2Fv2%2Fmedia&parent=87226"}],"wp:term":[{"taxonomy":"category","embeddable":true,"href":"https:\/\/historiadofutebol.com\/blog\/index.php?rest_route=%2Fwp%2Fv2%2Fcategories&post=87226"},{"taxonomy":"post_tag","embeddable":true,"href":"https:\/\/historiadofutebol.com\/blog\/index.php?rest_route=%2Fwp%2Fv2%2Ftags&post=87226"}],"curies":[{"name":"wp","href":"https:\/\/api.w.org\/{rel}","templated":true}]}}