{"id":86919,"date":"2016-05-02T00:11:39","date_gmt":"2016-05-02T03:11:39","guid":{"rendered":"https:\/\/historiadofutebol.com\/blog\/?p=86919"},"modified":"2016-05-02T00:11:39","modified_gmt":"2016-05-02T03:11:39","slug":"associacao-esportiva-velo-clube-rioclarense-rio-claro-sp-primeiros-escudos","status":"publish","type":"post","link":"https:\/\/historiadofutebol.com\/blog\/?p=86919","title":{"rendered":"Associa\u00e7\u00e3o Esportiva Velo Clube Rioclarense &#8211; Rio Claro (SP): Primeiros Escudos"},"content":{"rendered":"<div id=\"attachment_86923\" style=\"width: 510px\" class=\"wp-caption aligncenter\"><img loading=\"lazy\" decoding=\"async\" aria-describedby=\"caption-attachment-86923\" class=\"size-large wp-image-86923\" src=\"https:\/\/historiadofutebol.com\/blog\/wp-content\/uploads\/2016\/05\/124-500x368.jpg\" alt=\"\" width=\"500\" height=\"368\" srcset=\"https:\/\/historiadofutebol.com\/blog\/wp-content\/uploads\/2016\/05\/124-500x368.jpg 500w, https:\/\/historiadofutebol.com\/blog\/wp-content\/uploads\/2016\/05\/124-300x221.jpg 300w, https:\/\/historiadofutebol.com\/blog\/wp-content\/uploads\/2016\/05\/124.jpg 958w\" sizes=\"auto, (max-width: 500px) 100vw, 500px\" \/><p id=\"caption-attachment-86923\" class=\"wp-caption-text\">D\u00e9cada de 10<\/p><\/div>\n<p>A <strong>Associa\u00e7\u00e3o Esportiva Velo Clube Rioclarense<\/strong> <strong>(Velo Clube)<\/strong> \u00e9 uma agremia\u00e7\u00e3o da cidade de Rio Claro (SP). Na Rua 1, entre Avenidas 4 e 6, foi realizada a Assembl\u00e9ia, que contou com 15 pessoas, foi <strong>Fundado no domingo, do dia 28 de Agosto de 1910<\/strong>, destinado propriamente ao que o pr\u00f3prio nome traduz: Velocidade. Um clube destinado ao ciclismo, cuja pista se chama Vel\u00f3dromo.<\/p>\n<p><img loading=\"lazy\" decoding=\"async\" class=\"aligncenter size-full wp-image-86924\" src=\"https:\/\/historiadofutebol.com\/blog\/wp-content\/uploads\/2016\/05\/12992055_1197208683653384_1086517792_o.jpg\" alt=\"\" width=\"1247\" height=\"897\" srcset=\"https:\/\/historiadofutebol.com\/blog\/wp-content\/uploads\/2016\/05\/12992055_1197208683653384_1086517792_o.jpg 1247w, https:\/\/historiadofutebol.com\/blog\/wp-content\/uploads\/2016\/05\/12992055_1197208683653384_1086517792_o-300x215.jpg 300w, https:\/\/historiadofutebol.com\/blog\/wp-content\/uploads\/2016\/05\/12992055_1197208683653384_1086517792_o-500x359.jpg 500w\" sizes=\"auto, (max-width: 1247px) 100vw, 1247px\" \/><\/p>\n<p>Seu <strong><em>1\u00ba Presidente<\/em><\/strong> foi <em>Amadeu Rocco<\/em>, que teve 14 votos dos presentes. A primeira pista de corridas foi inaugurada em 18 de dezembro de 1910 num terreno na Rua 6 entre as Avenidas 13 e 15, onde est\u00e1 situado o Col\u00e9gio Joaquim Ribeiro. O saldo financeiro das provas <em>(como eram chamadas as corridas) <\/em>era destinado \u00e0 Santa Casa de Miseric\u00f3rdia, \u00e0 Vila de Caridade S\u00e3o Vicente de Paula e ao Hospital dos L\u00e1zaros.<\/p>\n<p>Em 16 de maio de 1920, o clube de ciclismo se funde com o <strong><em>Comercial F.C.<\/em><\/strong>, clube de futebol de nossa cidade, e surge a <strong><em>Associa\u00e7\u00e3o Sportiva Velo Club Rioclarense<\/em><\/strong>, destinada a pr\u00e1tica do futebol. Na \u00e9poca existiam duas ligas de futebol no Estado: <strong><em>A Associa\u00e7\u00e3o Paulista de Esportes Atl\u00e9ticos (A.P.E.A.)<\/em><\/strong> e <strong><em>Liga de Amadores de Futebol(L.A.F.)<\/em><\/strong>. O <strong>Velo Clube<\/strong> se filiou \u00e0 <strong><em>A.P.E.A. <\/em><\/strong>e disputou por ela a chamada <strong><em>Divis\u00e3o do Interior<\/em><\/strong>.<\/p>\n<p><img loading=\"lazy\" decoding=\"async\" class=\"aligncenter size-large wp-image-86922\" src=\"https:\/\/historiadofutebol.com\/blog\/wp-content\/uploads\/2016\/05\/111-500x366.jpg\" alt=\"\" width=\"500\" height=\"366\" srcset=\"https:\/\/historiadofutebol.com\/blog\/wp-content\/uploads\/2016\/05\/111-500x366.jpg 500w, https:\/\/historiadofutebol.com\/blog\/wp-content\/uploads\/2016\/05\/111-300x219.jpg 300w, https:\/\/historiadofutebol.com\/blog\/wp-content\/uploads\/2016\/05\/111.jpg 958w\" sizes=\"auto, (max-width: 500px) 100vw, 500px\" \/><\/p>\n<p>Em 1925, <em>(com 5 anos de ades\u00e3o ao futebol)<\/em>, veio a se tornar <strong><em>Campe\u00e3o do Interior da A.P.E.A.<\/em><\/strong>, em um disputa que venceu a fase Regional e tamb\u00e9m a fase estadual, contra <strong><em>A.A. Francana (Franca)<\/em><\/strong>, <strong><em>S.C. Elvira, de Jacare\u00ed<\/em><\/strong>, <strong><em>Rio Branco E.C. (Americana) <\/em><\/strong>que era bi-campe\u00e3o e <strong><em>S.C. Sorocabano (Sorocaba)<\/em><\/strong>.<\/p>\n<p>As partidas foram disputadas em campo neutro e com a conquista, o <strong>Velo Clube <\/strong>veio a disputar a <strong><em>Ta\u00e7a Compet\u00eancia<\/em><\/strong> <em>(equivalente ao T\u00edtulo Estadual)<\/em>, contra a <strong><em>A.A. S\u00e3o Bento<\/em><\/strong>, de S\u00e3o Paulo. \u00c0 \u00e9poca disputavam o T\u00edtulo, o <strong><em>Campe\u00e3o do Interior<\/em><\/strong> e o <strong><em>Campe\u00e3o da Cidade de S\u00e3o Paulo<\/em><\/strong>.<\/p>\n<p><img loading=\"lazy\" decoding=\"async\" class=\"aligncenter size-full wp-image-86925\" src=\"https:\/\/historiadofutebol.com\/blog\/wp-content\/uploads\/2016\/05\/13014869_1197208670320052_1193288212_n.jpg\" alt=\"\" width=\"641\" height=\"911\" srcset=\"https:\/\/historiadofutebol.com\/blog\/wp-content\/uploads\/2016\/05\/13014869_1197208670320052_1193288212_n.jpg 641w, https:\/\/historiadofutebol.com\/blog\/wp-content\/uploads\/2016\/05\/13014869_1197208670320052_1193288212_n-211x300.jpg 211w, https:\/\/historiadofutebol.com\/blog\/wp-content\/uploads\/2016\/05\/13014869_1197208670320052_1193288212_n-351x500.jpg 351w, https:\/\/historiadofutebol.com\/blog\/wp-content\/uploads\/2016\/05\/13014869_1197208670320052_1193288212_n-300x426.jpg 300w\" sizes=\"auto, (max-width: 641px) 100vw, 641px\" \/><\/p>\n<p>Numa partida cheia de reclama\u00e7\u00f5es, o <strong>Velo Clube<\/strong> veio a ser derrotado em 18 de abril de 1926, pelo time da Capital, por 2 a 0, com gols de Pepico e Feiti\u00e7o, ficando com o t\u00edtulo de Vice-Campe\u00e3o.<\/p>\n<p>Em 1948, com a cria\u00e7\u00e3o da <strong><em>Federa\u00e7\u00e3o Paulista de Futebol<\/em><\/strong>, veio a disputar os Campeonatos por ela criados, onde est\u00e1 at\u00e9 hoje. Disputou as mais diversas Categorias: <strong><em>Terceira<\/em><\/strong>, <strong><em>Segunda Divis\u00e3o<\/em><\/strong> e a chamada <strong><em>Divis\u00e3o Especial<\/em><\/strong> <em>(a S\u00e9rie A 1 atual)<\/em>, em 1979.<\/p>\n<p>Como conquistas, al\u00e9m do <strong><em>T\u00edtulo do Campeonato do Interior<\/em><\/strong>, foi <strong><em>Campe\u00e3o Estadual Juvenil em 1980<\/em><\/strong>, atrav\u00e9s da <strong><em>Federa\u00e7\u00e3o Paulista de Futebol<\/em><\/strong>, al\u00e9m de v\u00e1rias vice-coloca\u00e7\u00f5es que o colocaram em Divis\u00f5es superiores. Foi o primeiro integrante de nossa cidade a disputar a <strong><em>principal Divis\u00e3o de Futebol paulista, em 1979<\/em><\/strong>.<\/p>\n<p><img loading=\"lazy\" decoding=\"async\" class=\"aligncenter size-full wp-image-86926\" src=\"https:\/\/historiadofutebol.com\/blog\/wp-content\/uploads\/2016\/05\/13016330_1197208676986718_1589964026_o.jpg\" alt=\"\" width=\"1231\" height=\"889\" srcset=\"https:\/\/historiadofutebol.com\/blog\/wp-content\/uploads\/2016\/05\/13016330_1197208676986718_1589964026_o.jpg 1231w, https:\/\/historiadofutebol.com\/blog\/wp-content\/uploads\/2016\/05\/13016330_1197208676986718_1589964026_o-300x216.jpg 300w, https:\/\/historiadofutebol.com\/blog\/wp-content\/uploads\/2016\/05\/13016330_1197208676986718_1589964026_o-500x361.jpg 500w\" sizes=\"auto, (max-width: 1231px) 100vw, 1231px\" \/><\/p>\n<p>Tem o recorde de p\u00fablico em uma partida de futebol em nossa cidade: 14.922 pagantes, em 17 de dezembro de 1978. Tem v\u00e1rios t\u00edtulos conquistados pela equipe de ciclismo, que em 2009, voltou a disputar provas, envergando o nome do Velo Clube.<\/p>\n<p>Tem a maior contagem ocorrida em um d\u00e9rbi: 11 a 2, em 30 de mar\u00e7o de 1983, em partida v\u00e1lida pelo <strong><em>Campeonato Paulista da Segunda Divis\u00e3o<\/em><\/strong>. Entre os principais nomes que passaram pelo futebol do <strong>Velo Clube<\/strong>:<\/p>\n<p>No per\u00edodo do amadorismo, <em>Jo\u00e3o Polastri<\/em>. No profissionalismo: <em>Tonh\u00e3o (Antonio Lucatto)<\/em>, que \u00e9 o maior artilheiro da hist\u00f3ria do clube, com 144 gols. <em>Luis Salom\u00e3o (Dinho)<\/em>, que apesar de Arararense, veio a nossa cidade, teve convites para ser jogador da <strong><em>S.E. Palmeiras<\/em><\/strong>, mas por amor a nossa cidade, n\u00e3o foi, permaneceu envergando\u00a0a camisa rubro-verde, vindo a ser o segundo goleador do Velo Clube, com 120 gols.<\/p>\n<p>\u00c9 dele o primeiro gol do <strong>Velo Clube<\/strong>, na hist\u00f3ria do profissionalismo, em partida contra <strong><em>A.A. Socorrense, em Socorro<\/em><\/strong>, no empate por 1 gol, em 9 de maio de 1948, v\u00e1lida pelo Campeonato Paulista da Segunda Divis\u00e3o.<\/p>\n<p>Tivemos tamb\u00e9m jovens de nossa cidade que brilharam em outros clubes, como <em>Tito L\u00edvio Maule<\/em>, que ap\u00f3s jogar na <strong><em>S.E. Palmeiras<\/em><\/strong>, atuou no futebol italiano e canadense; <em>Norberto Lopes<\/em>, jogador com enormes predicados que atuou em v\u00e1rias equipes do interior paulista. Tamb\u00e9m s\u00e3o \u00eddolos do torcedor rioclarense, o volante <em>Fernandinho, Odair Cologna, Guerra<\/em>, o falecido centro-avante Dit\u00e3o, entre outros.<\/p>\n<p>No cen\u00e1rio local, jogadores como <em>Petronilho<\/em>, <em>Tana<\/em>, <em>Z\u00e9 Maria<\/em> entre outros, desfilaram seu futebol apenas vestindo a camisa rubro-verde O <strong>Velo<\/strong> tamb\u00e9m formou em 1954, um Juvenil, comandado por <em>Edmur Zanotti<\/em>, que ficou famoso por ter conquistado 48 partidas invictas e um time de \u201c<em>Cadetes<\/em>\u201d, formado por Benito Agnelo Castellano, entre 1969 e 1971, enquanto o clube constru\u00eda o Est\u00e1dio, que tamb\u00e9m fez excelente figura nas partidas disputadas e deu oportunidade aos jovens atletas de nossa cidade.<\/p>\n<p>&nbsp;<\/p>\n<p><strong><em><span style=\"text-decoration: underline\">FONTES &amp; FOTO<\/span><\/em><\/strong><strong><em>:<\/em><\/strong><em> Site do Clube &#8211; Revista Sport Ilustrado &#8211; Homero Queiroga<\/em><\/p>\n<p>&nbsp;<\/p>\n","protected":false},"excerpt":{"rendered":"<p>A Associa\u00e7\u00e3o Esportiva Velo Clube Rioclarense (Velo Clube) \u00e9 uma agremia\u00e7\u00e3o da cidade de Rio Claro (SP). Na Rua 1, entre Avenidas 4 e 6, foi realizada a Assembl\u00e9ia, que contou com 15 pessoas, foi Fundado no domingo, do dia 28 de Agosto de 1910, destinado propriamente ao que o pr\u00f3prio nome traduz: Velocidade. Um [&hellip;]<\/p>\n","protected":false},"author":55,"featured_media":0,"comment_status":"open","ping_status":"closed","sticky":false,"template":"","format":"standard","meta":{"footnotes":""},"categories":[203,531,83,59,345,3,51],"tags":[],"class_list":["post-86919","post","type-post","status-publish","format-standard","hentry","category-sergio-mello","category-carencias","category-x9-curiosidades","category-escudos","category-fotos-historicas","category-historia-do-futebol","category-sao-paulo"],"_links":{"self":[{"href":"https:\/\/historiadofutebol.com\/blog\/index.php?rest_route=\/wp\/v2\/posts\/86919","targetHints":{"allow":["GET"]}}],"collection":[{"href":"https:\/\/historiadofutebol.com\/blog\/index.php?rest_route=\/wp\/v2\/posts"}],"about":[{"href":"https:\/\/historiadofutebol.com\/blog\/index.php?rest_route=\/wp\/v2\/types\/post"}],"author":[{"embeddable":true,"href":"https:\/\/historiadofutebol.com\/blog\/index.php?rest_route=\/wp\/v2\/users\/55"}],"replies":[{"embeddable":true,"href":"https:\/\/historiadofutebol.com\/blog\/index.php?rest_route=%2Fwp%2Fv2%2Fcomments&post=86919"}],"version-history":[{"count":1,"href":"https:\/\/historiadofutebol.com\/blog\/index.php?rest_route=\/wp\/v2\/posts\/86919\/revisions"}],"predecessor-version":[{"id":86927,"href":"https:\/\/historiadofutebol.com\/blog\/index.php?rest_route=\/wp\/v2\/posts\/86919\/revisions\/86927"}],"wp:attachment":[{"href":"https:\/\/historiadofutebol.com\/blog\/index.php?rest_route=%2Fwp%2Fv2%2Fmedia&parent=86919"}],"wp:term":[{"taxonomy":"category","embeddable":true,"href":"https:\/\/historiadofutebol.com\/blog\/index.php?rest_route=%2Fwp%2Fv2%2Fcategories&post=86919"},{"taxonomy":"post_tag","embeddable":true,"href":"https:\/\/historiadofutebol.com\/blog\/index.php?rest_route=%2Fwp%2Fv2%2Ftags&post=86919"}],"curies":[{"name":"wp","href":"https:\/\/api.w.org\/{rel}","templated":true}]}}