{"id":86886,"date":"2016-04-30T19:17:29","date_gmt":"2016-04-30T22:17:29","guid":{"rendered":"https:\/\/historiadofutebol.com\/blog\/?p=86886"},"modified":"2016-05-01T01:41:40","modified_gmt":"2016-05-01T04:41:40","slug":"torneio-inicio-do-rio-de-janeiro-de-1947-botafogo-e-o-campeao-olaria-ficou-com-o-vice","status":"publish","type":"post","link":"https:\/\/historiadofutebol.com\/blog\/?p=86886","title":{"rendered":"Torneio In\u00edcio do Rio de Janeiro, de 1947: Botafogo \u00e9 o Campe\u00e3o. Olaria ficou com o Vice"},"content":{"rendered":"<p><img loading=\"lazy\" decoding=\"async\" class=\"aligncenter size-full wp-image-86861\" src=\"https:\/\/historiadofutebol.com\/blog\/wp-content\/uploads\/2016\/05\/1947-BOTAFOGO.jpg\" alt=\"\" width=\"1928\" height=\"1016\" srcset=\"https:\/\/historiadofutebol.com\/blog\/wp-content\/uploads\/2016\/05\/1947-BOTAFOGO.jpg 1928w, https:\/\/historiadofutebol.com\/blog\/wp-content\/uploads\/2016\/05\/1947-BOTAFOGO-300x158.jpg 300w, https:\/\/historiadofutebol.com\/blog\/wp-content\/uploads\/2016\/05\/1947-BOTAFOGO-500x263.jpg 500w\" sizes=\"auto, (max-width: 1928px) 100vw, 1928px\" \/><\/p>\n<p><img loading=\"lazy\" decoding=\"async\" class=\"aligncenter size-full wp-image-86877\" src=\"https:\/\/historiadofutebol.com\/blog\/wp-content\/uploads\/2016\/05\/1947-OLARIA.jpg\" alt=\"\" width=\"1750\" height=\"988\" srcset=\"https:\/\/historiadofutebol.com\/blog\/wp-content\/uploads\/2016\/05\/1947-OLARIA.jpg 1750w, https:\/\/historiadofutebol.com\/blog\/wp-content\/uploads\/2016\/05\/1947-OLARIA-300x169.jpg 300w, https:\/\/historiadofutebol.com\/blog\/wp-content\/uploads\/2016\/05\/1947-OLARIA-500x282.jpg 500w\" sizes=\"auto, (max-width: 1750px) 100vw, 1750px\" \/><\/p>\n<p><img loading=\"lazy\" decoding=\"async\" class=\"aligncenter size-full wp-image-86887\" src=\"https:\/\/historiadofutebol.com\/blog\/wp-content\/uploads\/2016\/05\/12.jpg\" alt=\"\" width=\"1316\" height=\"1788\" srcset=\"https:\/\/historiadofutebol.com\/blog\/wp-content\/uploads\/2016\/05\/12.jpg 1316w, https:\/\/historiadofutebol.com\/blog\/wp-content\/uploads\/2016\/05\/12-220x300.jpg 220w, https:\/\/historiadofutebol.com\/blog\/wp-content\/uploads\/2016\/05\/12-368x500.jpg 368w, https:\/\/historiadofutebol.com\/blog\/wp-content\/uploads\/2016\/05\/12-300x407.jpg 300w\" sizes=\"auto, (max-width: 1316px) 100vw, 1316px\" \/><\/p>\n<p><strong><em><span style=\"text-decoration: underline\">FONTE<\/span><\/em><\/strong><strong><em>:<\/em><\/strong><em> Revista Sport Ilustrado<\/em><\/p>\n","protected":false},"excerpt":{"rendered":"<p>FONTE: Revista Sport Ilustrado<\/p>\n","protected":false},"author":55,"featured_media":0,"comment_status":"open","ping_status":"closed","sticky":false,"template":"","format":"standard","meta":{"footnotes":""},"categories":[203,531,345,3,47,76],"tags":[],"class_list":["post-86886","post","type-post","status-publish","format-standard","hentry","category-sergio-mello","category-carencias","category-fotos-historicas","category-historia-do-futebol","category-rio-de-janeiro","category-antigo-estado-do-rio"],"_links":{"self":[{"href":"https:\/\/historiadofutebol.com\/blog\/index.php?rest_route=\/wp\/v2\/posts\/86886","targetHints":{"allow":["GET"]}}],"collection":[{"href":"https:\/\/historiadofutebol.com\/blog\/index.php?rest_route=\/wp\/v2\/posts"}],"about":[{"href":"https:\/\/historiadofutebol.com\/blog\/index.php?rest_route=\/wp\/v2\/types\/post"}],"author":[{"embeddable":true,"href":"https:\/\/historiadofutebol.com\/blog\/index.php?rest_route=\/wp\/v2\/users\/55"}],"replies":[{"embeddable":true,"href":"https:\/\/historiadofutebol.com\/blog\/index.php?rest_route=%2Fwp%2Fv2%2Fcomments&post=86886"}],"version-history":[{"count":3,"href":"https:\/\/historiadofutebol.com\/blog\/index.php?rest_route=\/wp\/v2\/posts\/86886\/revisions"}],"predecessor-version":[{"id":86890,"href":"https:\/\/historiadofutebol.com\/blog\/index.php?rest_route=\/wp\/v2\/posts\/86886\/revisions\/86890"}],"wp:attachment":[{"href":"https:\/\/historiadofutebol.com\/blog\/index.php?rest_route=%2Fwp%2Fv2%2Fmedia&parent=86886"}],"wp:term":[{"taxonomy":"category","embeddable":true,"href":"https:\/\/historiadofutebol.com\/blog\/index.php?rest_route=%2Fwp%2Fv2%2Fcategories&post=86886"},{"taxonomy":"post_tag","embeddable":true,"href":"https:\/\/historiadofutebol.com\/blog\/index.php?rest_route=%2Fwp%2Fv2%2Ftags&post=86886"}],"curies":[{"name":"wp","href":"https:\/\/api.w.org\/{rel}","templated":true}]}}