{"id":86840,"date":"2016-04-30T20:37:37","date_gmt":"2016-04-30T23:37:37","guid":{"rendered":"https:\/\/historiadofutebol.com\/blog\/?p=86840"},"modified":"2016-04-30T20:37:37","modified_gmt":"2016-04-30T23:37:37","slug":"foto-rara-de-1947-botafogo-futebol-clube-ribeirao-preto-sp","status":"publish","type":"post","link":"https:\/\/historiadofutebol.com\/blog\/?p=86840","title":{"rendered":"Foto Rara, de 1947: Botafogo Futebol Clube &#8211; Ribeir\u00e3o Preto (SP)"},"content":{"rendered":"<p><img loading=\"lazy\" decoding=\"async\" class=\"aligncenter size-large wp-image-86842\" src=\"https:\/\/historiadofutebol.com\/blog\/wp-content\/uploads\/2016\/04\/1268-500x346.jpg\" alt=\"\" width=\"500\" height=\"346\" srcset=\"https:\/\/historiadofutebol.com\/blog\/wp-content\/uploads\/2016\/04\/1268-500x346.jpg 500w, https:\/\/historiadofutebol.com\/blog\/wp-content\/uploads\/2016\/04\/1268-300x207.jpg 300w, https:\/\/historiadofutebol.com\/blog\/wp-content\/uploads\/2016\/04\/1268.jpg 1040w\" sizes=\"auto, (max-width: 500px) 100vw, 500px\" \/><\/p>\n<p>Na <strong><em>Foto (Abaixo)<\/em><\/strong>, o\u00a0<strong><em>Botafogo Futebol Clube de Ribeir\u00e3o Preto<\/em><\/strong>, no Estado de S\u00e3o Paulo.<\/p>\n<p><strong><em>EM P\u00c9 (Da esquerda para a direita):<\/em><\/strong> Fogueira <em>(Diretor de futebol)<\/em>, Waldemar, P\u00e9 de Valsa, Barane, Valter, Zez\u00e9 e C\u00e2mbio.<\/p>\n<p><strong><em>AGACHADOS (Da esquerda para a direita):<\/em><\/strong> Jap\u00e3o, Umb\u00e9rio, Pederneira, Wilsinho e Calabres.<\/p>\n<p><img loading=\"lazy\" decoding=\"async\" class=\"aligncenter size-full wp-image-86841\" src=\"https:\/\/historiadofutebol.com\/blog\/wp-content\/uploads\/2016\/04\/1139.jpg\" alt=\"\" width=\"1272\" height=\"880\" srcset=\"https:\/\/historiadofutebol.com\/blog\/wp-content\/uploads\/2016\/04\/1139.jpg 1272w, https:\/\/historiadofutebol.com\/blog\/wp-content\/uploads\/2016\/04\/1139-300x207.jpg 300w, https:\/\/historiadofutebol.com\/blog\/wp-content\/uploads\/2016\/04\/1139-500x345.jpg 500w\" sizes=\"auto, (max-width: 1272px) 100vw, 1272px\" \/><\/p>\n<p><strong><em><span style=\"text-decoration: underline\">FONTE<\/span><\/em><\/strong><strong><em>:<\/em><\/strong><em> Revista Sport Ilustrado\u00a0<\/em><\/p>\n<p>&nbsp;<\/p>\n","protected":false},"excerpt":{"rendered":"<p>Na Foto (Abaixo), o\u00a0Botafogo Futebol Clube de Ribeir\u00e3o Preto, no Estado de S\u00e3o Paulo. EM P\u00c9 (Da esquerda para a direita): Fogueira (Diretor de futebol), Waldemar, P\u00e9 de Valsa, Barane, Valter, Zez\u00e9 e C\u00e2mbio. AGACHADOS (Da esquerda para a direita): Jap\u00e3o, Umb\u00e9rio, Pederneira, Wilsinho e Calabres. FONTE: Revista Sport Ilustrado\u00a0 &nbsp;<\/p>\n","protected":false},"author":55,"featured_media":0,"comment_status":"open","ping_status":"closed","sticky":false,"template":"","format":"standard","meta":{"footnotes":""},"categories":[203,59,345,3,51],"tags":[],"class_list":["post-86840","post","type-post","status-publish","format-standard","hentry","category-sergio-mello","category-escudos","category-fotos-historicas","category-historia-do-futebol","category-sao-paulo"],"_links":{"self":[{"href":"https:\/\/historiadofutebol.com\/blog\/index.php?rest_route=\/wp\/v2\/posts\/86840","targetHints":{"allow":["GET"]}}],"collection":[{"href":"https:\/\/historiadofutebol.com\/blog\/index.php?rest_route=\/wp\/v2\/posts"}],"about":[{"href":"https:\/\/historiadofutebol.com\/blog\/index.php?rest_route=\/wp\/v2\/types\/post"}],"author":[{"embeddable":true,"href":"https:\/\/historiadofutebol.com\/blog\/index.php?rest_route=\/wp\/v2\/users\/55"}],"replies":[{"embeddable":true,"href":"https:\/\/historiadofutebol.com\/blog\/index.php?rest_route=%2Fwp%2Fv2%2Fcomments&post=86840"}],"version-history":[{"count":2,"href":"https:\/\/historiadofutebol.com\/blog\/index.php?rest_route=\/wp\/v2\/posts\/86840\/revisions"}],"predecessor-version":[{"id":86844,"href":"https:\/\/historiadofutebol.com\/blog\/index.php?rest_route=\/wp\/v2\/posts\/86840\/revisions\/86844"}],"wp:attachment":[{"href":"https:\/\/historiadofutebol.com\/blog\/index.php?rest_route=%2Fwp%2Fv2%2Fmedia&parent=86840"}],"wp:term":[{"taxonomy":"category","embeddable":true,"href":"https:\/\/historiadofutebol.com\/blog\/index.php?rest_route=%2Fwp%2Fv2%2Fcategories&post=86840"},{"taxonomy":"post_tag","embeddable":true,"href":"https:\/\/historiadofutebol.com\/blog\/index.php?rest_route=%2Fwp%2Fv2%2Ftags&post=86840"}],"curies":[{"name":"wp","href":"https:\/\/api.w.org\/{rel}","templated":true}]}}