{"id":86832,"date":"2016-04-30T17:02:44","date_gmt":"2016-04-30T20:02:44","guid":{"rendered":"https:\/\/historiadofutebol.com\/blog\/?p=86832"},"modified":"2016-04-30T19:42:19","modified_gmt":"2016-04-30T22:42:19","slug":"fotos-raras-de-1947-inauguracao-do-estadio-de-teixeira-de-castro-de-propriedade-do-bonsucesso-f-c-rj","status":"publish","type":"post","link":"https:\/\/historiadofutebol.com\/blog\/?p=86832","title":{"rendered":"Fotos Raras, de 1947: Inaugura\u00e7\u00e3o do Est\u00e1dio de Teixeira de Castro, de propriedade do Bonsucesso F.C. (RJ)"},"content":{"rendered":"<p>&nbsp;<\/p>\n<p><img loading=\"lazy\" decoding=\"async\" class=\"aligncenter size-full wp-image-86833\" src=\"https:\/\/historiadofutebol.com\/blog\/wp-content\/uploads\/2016\/04\/232.jpg\" alt=\"\" width=\"3170\" height=\"4408\" srcset=\"https:\/\/historiadofutebol.com\/blog\/wp-content\/uploads\/2016\/04\/232.jpg 3170w, https:\/\/historiadofutebol.com\/blog\/wp-content\/uploads\/2016\/04\/232-215x300.jpg 215w, https:\/\/historiadofutebol.com\/blog\/wp-content\/uploads\/2016\/04\/232-359x500.jpg 359w, https:\/\/historiadofutebol.com\/blog\/wp-content\/uploads\/2016\/04\/232-300x417.jpg 300w\" sizes=\"auto, (max-width: 3170px) 100vw, 3170px\" \/><\/p>\n<p><img loading=\"lazy\" decoding=\"async\" class=\"aligncenter size-full wp-image-86834\" src=\"https:\/\/historiadofutebol.com\/blog\/wp-content\/uploads\/2016\/04\/226.jpg\" alt=\"\" width=\"3170\" height=\"4408\" srcset=\"https:\/\/historiadofutebol.com\/blog\/wp-content\/uploads\/2016\/04\/226.jpg 3170w, https:\/\/historiadofutebol.com\/blog\/wp-content\/uploads\/2016\/04\/226-215x300.jpg 215w, https:\/\/historiadofutebol.com\/blog\/wp-content\/uploads\/2016\/04\/226-359x500.jpg 359w, https:\/\/historiadofutebol.com\/blog\/wp-content\/uploads\/2016\/04\/226-300x417.jpg 300w\" sizes=\"auto, (max-width: 3170px) 100vw, 3170px\" \/><\/p>\n<p><strong><em><span style=\"text-decoration: underline\">FONTE<\/span><\/em><\/strong><strong><em>:<\/em><\/strong><em> Revista Sport Ilustrado\u00a0<\/em><\/p>\n","protected":false},"excerpt":{"rendered":"<p>&nbsp; FONTE: Revista Sport Ilustrado\u00a0<\/p>\n","protected":false},"author":55,"featured_media":0,"comment_status":"open","ping_status":"closed","sticky":false,"template":"","format":"standard","meta":{"footnotes":""},"categories":[203,75,345,3,47,76],"tags":[],"class_list":["post-86832","post","type-post","status-publish","format-standard","hentry","category-sergio-mello","category-x3-estadios","category-fotos-historicas","category-historia-do-futebol","category-rio-de-janeiro","category-antigo-estado-do-rio"],"_links":{"self":[{"href":"https:\/\/historiadofutebol.com\/blog\/index.php?rest_route=\/wp\/v2\/posts\/86832","targetHints":{"allow":["GET"]}}],"collection":[{"href":"https:\/\/historiadofutebol.com\/blog\/index.php?rest_route=\/wp\/v2\/posts"}],"about":[{"href":"https:\/\/historiadofutebol.com\/blog\/index.php?rest_route=\/wp\/v2\/types\/post"}],"author":[{"embeddable":true,"href":"https:\/\/historiadofutebol.com\/blog\/index.php?rest_route=\/wp\/v2\/users\/55"}],"replies":[{"embeddable":true,"href":"https:\/\/historiadofutebol.com\/blog\/index.php?rest_route=%2Fwp%2Fv2%2Fcomments&post=86832"}],"version-history":[{"count":1,"href":"https:\/\/historiadofutebol.com\/blog\/index.php?rest_route=\/wp\/v2\/posts\/86832\/revisions"}],"predecessor-version":[{"id":86835,"href":"https:\/\/historiadofutebol.com\/blog\/index.php?rest_route=\/wp\/v2\/posts\/86832\/revisions\/86835"}],"wp:attachment":[{"href":"https:\/\/historiadofutebol.com\/blog\/index.php?rest_route=%2Fwp%2Fv2%2Fmedia&parent=86832"}],"wp:term":[{"taxonomy":"category","embeddable":true,"href":"https:\/\/historiadofutebol.com\/blog\/index.php?rest_route=%2Fwp%2Fv2%2Fcategories&post=86832"},{"taxonomy":"post_tag","embeddable":true,"href":"https:\/\/historiadofutebol.com\/blog\/index.php?rest_route=%2Fwp%2Fv2%2Ftags&post=86832"}],"curies":[{"name":"wp","href":"https:\/\/api.w.org\/{rel}","templated":true}]}}