{"id":86815,"date":"2016-04-30T16:44:17","date_gmt":"2016-04-30T19:44:17","guid":{"rendered":"https:\/\/historiadofutebol.com\/blog\/?p=86815"},"modified":"2016-04-30T16:44:17","modified_gmt":"2016-04-30T19:44:17","slug":"fotos-raras-das-obras-do-estadio-jose-procopio-teixeira-de-juiz-de-fora-mg-em-1947","status":"publish","type":"post","link":"https:\/\/historiadofutebol.com\/blog\/?p=86815","title":{"rendered":"Fotos Raras, das obras do Est\u00e1dio Jos\u00e9 Proc\u00f3pio Teixeira, de Juiz de Fora (MG), em 1947"},"content":{"rendered":"<p><img loading=\"lazy\" decoding=\"async\" class=\"aligncenter size-full wp-image-86818\" src=\"https:\/\/historiadofutebol.com\/blog\/wp-content\/uploads\/2016\/04\/1137.jpg\" alt=\"\" width=\"3048\" height=\"1736\" srcset=\"https:\/\/historiadofutebol.com\/blog\/wp-content\/uploads\/2016\/04\/1137.jpg 3048w, https:\/\/historiadofutebol.com\/blog\/wp-content\/uploads\/2016\/04\/1137-300x170.jpg 300w, https:\/\/historiadofutebol.com\/blog\/wp-content\/uploads\/2016\/04\/1137-500x284.jpg 500w\" sizes=\"auto, (max-width: 3048px) 100vw, 3048px\" \/><\/p>\n<p>O <strong>Est\u00e1dio Jos\u00e9 Proc\u00f3pio Teixeira<\/strong>, de propriedade do <strong><em>Sport Club de Juiz de Fora<\/em><\/strong> come\u00e7ou a ser erguida a partir da funda\u00e7\u00e3o da agremia\u00e7\u00e3o em 1916. Em sua segunda fase, foi constru\u00edda uma sede-arquibancada. A obra, executada por Jos\u00e9 Proc\u00f3pio Teixeira, foi inaugurada em primeiro <em>de maio de 1921<\/em>, com a visita do time do <strong><em>Botafogo do Rio de Janeiro<\/em><\/strong>.<\/p>\n<p><img loading=\"lazy\" decoding=\"async\" class=\"aligncenter size-full wp-image-86819\" src=\"https:\/\/historiadofutebol.com\/blog\/wp-content\/uploads\/2016\/04\/1265.jpg\" alt=\"\" width=\"3056\" height=\"1904\" srcset=\"https:\/\/historiadofutebol.com\/blog\/wp-content\/uploads\/2016\/04\/1265.jpg 3056w, https:\/\/historiadofutebol.com\/blog\/wp-content\/uploads\/2016\/04\/1265-300x186.jpg 300w, https:\/\/historiadofutebol.com\/blog\/wp-content\/uploads\/2016\/04\/1265-500x311.jpg 500w\" sizes=\"auto, (max-width: 3056px) 100vw, 3056px\" \/><\/p>\n<p>O pr\u00e9dio possu\u00eda dois pavimentos: no t\u00e9rreo, havia sal\u00f5es de reuni\u00e3o, secretaria, bar, vesti\u00e1rios e instala\u00e7\u00f5es vi\u00e1rias. No andar superior, estavam as arquibancadas com capacidade para 3 mil pessoas. Um rink de patina\u00e7\u00e3o e uma quadra de t\u00eanis tamb\u00e9m foram erguidos.<\/p>\n<p><img loading=\"lazy\" decoding=\"async\" class=\"aligncenter size-full wp-image-86817\" src=\"https:\/\/historiadofutebol.com\/blog\/wp-content\/uploads\/2016\/04\/106.jpg\" alt=\"\" width=\"1920\" height=\"1568\" srcset=\"https:\/\/historiadofutebol.com\/blog\/wp-content\/uploads\/2016\/04\/106.jpg 1920w, https:\/\/historiadofutebol.com\/blog\/wp-content\/uploads\/2016\/04\/106-300x245.jpg 300w, https:\/\/historiadofutebol.com\/blog\/wp-content\/uploads\/2016\/04\/106-500x408.jpg 500w\" sizes=\"auto, (max-width: 1920px) 100vw, 1920px\" \/><\/p>\n<p>J\u00e1 em <strong><em>28 de setembro de 1947\u00a0<\/em><em>(As fotos desta postagem foi extra\u00edda da Revista Sport Ilustrado, do dia 26 de Junho de 1947)<\/em><\/strong>, tem in\u00edcio a terceira fase de conquistas do clube, com a inaugura\u00e7\u00e3o do <strong><em>Est\u00e1dio Jos\u00e9 Proc\u00f3pio Teixeira<\/em><\/strong>, na <em>Avenida Rio Branco, n\u00ba 1.303<\/em>. A sede social j\u00e1 havia sido inaugurada sete anos antes. \u00c0 frente desta nova \u00e9poca, estava o presidente Francisco Queiroz Caputo, que durante 55 anos consecutivos foi presidente do clube. Um verdadeiro recorde mundial.<\/p>\n<p>Atualmente o Est\u00e1dio cabem 6.500 lugares, muito longe do n\u00famero idealizado ao longo das obras: o desejo na \u00e9poca era para que o local tivesse capacidade para 50 mil pessoas, o que faria do Est\u00e1dio o maior do Brasil, em 1947.<\/p>\n<p><img loading=\"lazy\" decoding=\"async\" class=\"aligncenter size-full wp-image-86816\" src=\"https:\/\/historiadofutebol.com\/blog\/wp-content\/uploads\/2016\/04\/093.jpg\" alt=\"\" width=\"2780\" height=\"2400\" srcset=\"https:\/\/historiadofutebol.com\/blog\/wp-content\/uploads\/2016\/04\/093.jpg 2780w, https:\/\/historiadofutebol.com\/blog\/wp-content\/uploads\/2016\/04\/093-300x258.jpg 300w, https:\/\/historiadofutebol.com\/blog\/wp-content\/uploads\/2016\/04\/093-500x431.jpg 500w\" sizes=\"auto, (max-width: 2780px) 100vw, 2780px\" \/><\/p>\n<p>&nbsp;<\/p>\n<p>&nbsp;<\/p>\n<div id=\"attachment_86821\" style=\"width: 1034px\" class=\"wp-caption aligncenter\"><img loading=\"lazy\" decoding=\"async\" aria-describedby=\"caption-attachment-86821\" class=\"size-full wp-image-86821\" src=\"https:\/\/historiadofutebol.com\/blog\/wp-content\/uploads\/2016\/04\/156.jpg\" alt=\"\" width=\"1024\" height=\"768\" srcset=\"https:\/\/historiadofutebol.com\/blog\/wp-content\/uploads\/2016\/04\/156.jpg 1024w, https:\/\/historiadofutebol.com\/blog\/wp-content\/uploads\/2016\/04\/156-300x225.jpg 300w, https:\/\/historiadofutebol.com\/blog\/wp-content\/uploads\/2016\/04\/156-500x375.jpg 500w\" sizes=\"auto, (max-width: 1024px) 100vw, 1024px\" \/><p id=\"caption-attachment-86821\" class=\"wp-caption-text\">Est\u00e1dio nos dias atuais<\/p><\/div>\n<p><strong><em>FONTES<\/em><\/strong><strong><em>:<\/em><\/strong><em>\u00a0Revista Sport Ilustrado &#8211; Acessa.Com<\/em><\/p>\n","protected":false},"excerpt":{"rendered":"<p>O Est\u00e1dio Jos\u00e9 Proc\u00f3pio Teixeira, de propriedade do Sport Club de Juiz de Fora come\u00e7ou a ser erguida a partir da funda\u00e7\u00e3o da agremia\u00e7\u00e3o em 1916. Em sua segunda fase, foi constru\u00edda uma sede-arquibancada. A obra, executada por Jos\u00e9 Proc\u00f3pio Teixeira, foi inaugurada em primeiro de maio de 1921, com a visita do time do [&hellip;]<\/p>\n","protected":false},"author":55,"featured_media":0,"comment_status":"open","ping_status":"closed","sticky":false,"template":"","format":"standard","meta":{"footnotes":""},"categories":[203,75,345,3,39],"tags":[],"class_list":["post-86815","post","type-post","status-publish","format-standard","hentry","category-sergio-mello","category-x3-estadios","category-fotos-historicas","category-historia-do-futebol","category-minas-gerais"],"_links":{"self":[{"href":"https:\/\/historiadofutebol.com\/blog\/index.php?rest_route=\/wp\/v2\/posts\/86815","targetHints":{"allow":["GET"]}}],"collection":[{"href":"https:\/\/historiadofutebol.com\/blog\/index.php?rest_route=\/wp\/v2\/posts"}],"about":[{"href":"https:\/\/historiadofutebol.com\/blog\/index.php?rest_route=\/wp\/v2\/types\/post"}],"author":[{"embeddable":true,"href":"https:\/\/historiadofutebol.com\/blog\/index.php?rest_route=\/wp\/v2\/users\/55"}],"replies":[{"embeddable":true,"href":"https:\/\/historiadofutebol.com\/blog\/index.php?rest_route=%2Fwp%2Fv2%2Fcomments&post=86815"}],"version-history":[{"count":1,"href":"https:\/\/historiadofutebol.com\/blog\/index.php?rest_route=\/wp\/v2\/posts\/86815\/revisions"}],"predecessor-version":[{"id":86822,"href":"https:\/\/historiadofutebol.com\/blog\/index.php?rest_route=\/wp\/v2\/posts\/86815\/revisions\/86822"}],"wp:attachment":[{"href":"https:\/\/historiadofutebol.com\/blog\/index.php?rest_route=%2Fwp%2Fv2%2Fmedia&parent=86815"}],"wp:term":[{"taxonomy":"category","embeddable":true,"href":"https:\/\/historiadofutebol.com\/blog\/index.php?rest_route=%2Fwp%2Fv2%2Fcategories&post=86815"},{"taxonomy":"post_tag","embeddable":true,"href":"https:\/\/historiadofutebol.com\/blog\/index.php?rest_route=%2Fwp%2Fv2%2Ftags&post=86815"}],"curies":[{"name":"wp","href":"https:\/\/api.w.org\/{rel}","templated":true}]}}