{"id":86631,"date":"2016-04-28T18:18:12","date_gmt":"2016-04-28T21:18:12","guid":{"rendered":"https:\/\/historiadofutebol.com\/blog\/?p=86631"},"modified":"2016-04-28T18:18:12","modified_gmt":"2016-04-28T21:18:12","slug":"amistoso-em-1929-%e2%80%93-selecao-do-brasil-5-x-3-sportivo-barracas-argentina","status":"publish","type":"post","link":"https:\/\/historiadofutebol.com\/blog\/?p=86631","title":{"rendered":"Amistoso em 1929 \u2013 Sele\u00e7\u00e3o do Brasil 5 x 3 Sportivo Barracas (Argentina)"},"content":{"rendered":"<p><img loading=\"lazy\" decoding=\"async\" class=\"aligncenter size-full wp-image-86632\" src=\"https:\/\/historiadofutebol.com\/blog\/wp-content\/uploads\/2016\/04\/Barracas-1929-1.jpg\" alt=\"\" width=\"1276\" height=\"721\" srcset=\"https:\/\/historiadofutebol.com\/blog\/wp-content\/uploads\/2016\/04\/Barracas-1929-1.jpg 1276w, https:\/\/historiadofutebol.com\/blog\/wp-content\/uploads\/2016\/04\/Barracas-1929-1-300x169.jpg 300w, https:\/\/historiadofutebol.com\/blog\/wp-content\/uploads\/2016\/04\/Barracas-1929-1-500x282.jpg 500w\" sizes=\"auto, (max-width: 1276px) 100vw, 1276px\" \/><\/p>\n<p><img loading=\"lazy\" decoding=\"async\" class=\"aligncenter size-full wp-image-86634\" src=\"https:\/\/historiadofutebol.com\/blog\/wp-content\/uploads\/2016\/04\/Selecao-do-Brasil-1929-contra-o-Barracas.jpg\" alt=\"\" width=\"1276\" height=\"628\" srcset=\"https:\/\/historiadofutebol.com\/blog\/wp-content\/uploads\/2016\/04\/Selecao-do-Brasil-1929-contra-o-Barracas.jpg 1276w, https:\/\/historiadofutebol.com\/blog\/wp-content\/uploads\/2016\/04\/Selecao-do-Brasil-1929-contra-o-Barracas-300x147.jpg 300w, https:\/\/historiadofutebol.com\/blog\/wp-content\/uploads\/2016\/04\/Selecao-do-Brasil-1929-contra-o-Barracas-500x246.jpg 500w\" sizes=\"auto, (max-width: 1276px) 100vw, 1276px\" \/><\/p>\n<p>Amistoso em 1929 \u2013 Sele\u00e7\u00e3o do Brasil 5 x 3 Sportivo Barracas (Argentina)<\/p>\n<p>Partida realizada na data de 6 de janeiro de 1929, no Est\u00e1dio de S\u00e3o Janu\u00e1rio, do CR Vasco da Gama, no Rio de Janeiro.<\/p>\n<p>Juiz: Edgard Gon\u00e7alves (Brasil)<\/p>\n<p>Gols: Gran\u00e9 (2), Nilo, Paschoal e Feiti\u00e7o (BR) e Landolfi (2) e Luna (SB)<\/p>\n<p>Brasil: Jaguar\u00e9, Gran\u00e9 e Hespanhol. Serafini, Amilcar e Mola. Paschoal, Nilo, Heitor (Araken), Feiti\u00e7o e De Maria.<\/p>\n<p>Barracas: Diaz, Cherro e Moyano. Clemente, Amadeo e C\u00e9lico. Simonsini, Marassi, Mu\u00f1oz, Landolfi e Luna.<\/p>\n<p>Fonte: jornal \u201cA Gazeta\u201d.<\/p>\n","protected":false},"excerpt":{"rendered":"<p>Amistoso em 1929 \u2013 Sele\u00e7\u00e3o do Brasil 5 x 3 Sportivo Barracas (Argentina) Partida realizada na data de 6 de janeiro de 1929, no Est\u00e1dio de S\u00e3o Janu\u00e1rio, do CR Vasco da Gama, no Rio de Janeiro. Juiz: Edgard Gon\u00e7alves (Brasil) Gols: Gran\u00e9 (2), Nilo, Paschoal e Feiti\u00e7o (BR) e Landolfi (2) e Luna (SB) [&hellip;]<\/p>\n","protected":false},"author":47,"featured_media":0,"comment_status":"open","ping_status":"closed","sticky":false,"template":"","format":"standard","meta":{"footnotes":""},"categories":[189,345,3,734],"tags":[],"class_list":["post-86631","post","type-post","status-publish","format-standard","hentry","category-toninho-sereno","category-fotos-historicas","category-historia-do-futebol","category-selecao-nacional"],"_links":{"self":[{"href":"https:\/\/historiadofutebol.com\/blog\/index.php?rest_route=\/wp\/v2\/posts\/86631","targetHints":{"allow":["GET"]}}],"collection":[{"href":"https:\/\/historiadofutebol.com\/blog\/index.php?rest_route=\/wp\/v2\/posts"}],"about":[{"href":"https:\/\/historiadofutebol.com\/blog\/index.php?rest_route=\/wp\/v2\/types\/post"}],"author":[{"embeddable":true,"href":"https:\/\/historiadofutebol.com\/blog\/index.php?rest_route=\/wp\/v2\/users\/47"}],"replies":[{"embeddable":true,"href":"https:\/\/historiadofutebol.com\/blog\/index.php?rest_route=%2Fwp%2Fv2%2Fcomments&post=86631"}],"version-history":[{"count":3,"href":"https:\/\/historiadofutebol.com\/blog\/index.php?rest_route=\/wp\/v2\/posts\/86631\/revisions"}],"predecessor-version":[{"id":86637,"href":"https:\/\/historiadofutebol.com\/blog\/index.php?rest_route=\/wp\/v2\/posts\/86631\/revisions\/86637"}],"wp:attachment":[{"href":"https:\/\/historiadofutebol.com\/blog\/index.php?rest_route=%2Fwp%2Fv2%2Fmedia&parent=86631"}],"wp:term":[{"taxonomy":"category","embeddable":true,"href":"https:\/\/historiadofutebol.com\/blog\/index.php?rest_route=%2Fwp%2Fv2%2Fcategories&post=86631"},{"taxonomy":"post_tag","embeddable":true,"href":"https:\/\/historiadofutebol.com\/blog\/index.php?rest_route=%2Fwp%2Fv2%2Ftags&post=86631"}],"curies":[{"name":"wp","href":"https:\/\/api.w.org\/{rel}","templated":true}]}}