{"id":86472,"date":"2016-04-26T19:12:48","date_gmt":"2016-04-26T22:12:48","guid":{"rendered":"https:\/\/historiadofutebol.com\/blog\/?p=86472"},"modified":"2026-01-24T22:52:18","modified_gmt":"2026-01-25T01:52:18","slug":"associacao-beneficente-cultural-e-recreativa-dos-maritimos-corumba-ms-fundado-em-1951","status":"publish","type":"post","link":"https:\/\/historiadofutebol.com\/blog\/?p=86472","title":{"rendered":"Associa\u00e7\u00e3o Beneficente Cultural e Recreativa dos Mar\u00edtimos &#8211; Corumb\u00e1 (MS): Fundado em 1951"},"content":{"rendered":"<div class=\"wp-block-image size-large wp-image-86480\">\n<figure class=\"aligncenter\"><img decoding=\"async\" src=\"https:\/\/historiadofutebol.com\/blog\/wp-content\/uploads\/2016\/04\/012-500x350.jpg\" alt=\"\" class=\"wp-image-86475\"\/><\/figure><\/div>\n\n\n<p><mark style=\"background-color:rgba(0, 0, 0, 0);color:#000000\" class=\"has-inline-color\">A <strong>Associa\u00e7\u00e3o Beneficente Cultural e Recreativa dos Mar\u00edtimos<\/strong> foi uma agremia\u00e7\u00e3o da cidade de Corumb\u00e1 (MS). A sua <strong><em>Sede<\/em><\/strong> ficava localizada na <em>Rua Treze de Junho, n\u00ba 1.519, no Centro da cidade de Corumb\u00e1<\/em>. O <strong><em>clube Alvianil<\/em><\/strong> foi <strong>Fundado no s\u00e1bado, do dia 18 de Agosto de 1951<\/strong>.<\/mark><\/p>\n\n\n<div class=\"wp-block-image\">\n<figure class=\"aligncenter\"><img loading=\"lazy\" decoding=\"async\" width=\"500\" height=\"348\" src=\"https:\/\/historiadofutebol.com\/blog\/wp-content\/uploads\/2016\/04\/021-500x348.jpg\" alt=\"\" class=\"wp-image-86481\" srcset=\"https:\/\/historiadofutebol.com\/blog\/wp-content\/uploads\/2016\/04\/021-500x348.jpg 500w, https:\/\/historiadofutebol.com\/blog\/wp-content\/uploads\/2016\/04\/021-300x209.jpg 300w, https:\/\/historiadofutebol.com\/blog\/wp-content\/uploads\/2016\/04\/021.jpg 1012w\" sizes=\"auto, (max-width: 500px) 100vw, 500px\" \/><\/figure><\/div>\n\n\n<p><\/p>\n\n\n\n<p><mark style=\"background-color:rgba(0, 0, 0, 0);color:#000000\" class=\"has-inline-color\">O seu mascote era o <strong><em>Marinheiro Popeye<\/em><\/strong>, enquanto os seus jogos eram realizados no <strong><em>Est\u00e1dio Artur Marinho, com capacidade para 15 mil pessoas<\/em><\/strong>. Participou do <strong><em>Campeonato Sul-Mato-Grossense da 1\u00aa Divis\u00e3o<\/em><\/strong>, em quatro oportunidades: 1995, 1996, 1997 e 1998. At\u00e9 os anos 70 era o clube mais popular de Corumb\u00e1, fronteira com a Bol\u00edvia, onde foi <strong><em>Pentacampe\u00e3o<\/em>\u00a0<em>do Campeonato Citadino:<\/em><\/strong> \u00a01954, 1955,1956, 1957 e 1958. Na d\u00e9cada de 60 outros dois t\u00edtulos: 1960 e 1962..<\/mark><\/p>\n\n\n<div class=\"wp-block-image size-full wp-image-86473\">\n<figure class=\"aligncenter\"><img loading=\"lazy\" decoding=\"async\" width=\"1296\" height=\"540\" src=\"https:\/\/historiadofutebol.com\/blog\/wp-content\/uploads\/2016\/04\/1127.jpg\" alt=\"\" class=\"wp-image-86473\" srcset=\"https:\/\/historiadofutebol.com\/blog\/wp-content\/uploads\/2016\/04\/1127.jpg 1296w, https:\/\/historiadofutebol.com\/blog\/wp-content\/uploads\/2016\/04\/1127-300x125.jpg 300w, https:\/\/historiadofutebol.com\/blog\/wp-content\/uploads\/2016\/04\/1127-500x208.jpg 500w\" sizes=\"auto, (max-width: 1296px) 100vw, 1296px\" \/><\/figure><\/div>\n\n\n<p><em><mark style=\"background-color:rgba(0, 0, 0, 0);color:#000000\" class=\"has-inline-color\"><strong>Em p\u00e9 da esquerda para a direita: <\/strong>Juvenal, Tuta, Pierre, Aur\u00e9lio, Jo\u00e3o Luiz, Cacique, Gilson, Zel\u00e3o, \u00a0Adalberto (t\u00e9cnico), M\u00e1rio e Jorge &#8220;Cacha\u00e7o&#8221;.<strong> Agachados na mesma ordem: <\/strong>Celi (massagista), Jair &#8220;Pagodeiro&#8221;, Armindo, Edeni, Ad\u00e3o, Calixto, M\u00e1rio Fernandes, Moreira e Z\u00e9 de Oliveira (preparador\u00a0f\u00edsico).<\/mark><\/em><\/p>\n\n\n<div class=\"wp-block-image\">\n<figure class=\"aligncenter\"><img loading=\"lazy\" decoding=\"async\" width=\"360\" height=\"500\" src=\"https:\/\/historiadofutebol.com\/blog\/wp-content\/uploads\/2016\/04\/03-360x500.jpg\" alt=\"\" class=\"wp-image-86482\" srcset=\"https:\/\/historiadofutebol.com\/blog\/wp-content\/uploads\/2016\/04\/03-360x500.jpg 360w, https:\/\/historiadofutebol.com\/blog\/wp-content\/uploads\/2016\/04\/03-216x300.jpg 216w, https:\/\/historiadofutebol.com\/blog\/wp-content\/uploads\/2016\/04\/03.jpg 504w\" sizes=\"auto, (max-width: 360px) 100vw, 360px\" \/><\/figure><\/div>\n\n\n<p><\/p>\n\n\n\n<p><mark style=\"background-color:rgba(0, 0, 0, 0);color:#000000\" class=\"has-inline-color\">Disputou o <strong><em>Torneio Inter-clubes do Mato Grosso<\/em><\/strong> em <strong><em>1962<\/em><\/strong>. Depois participou do <strong><em>Torneio dos campe\u00f5es do Estado em 1965<\/em><\/strong>, <strong><em>Campeonato Matogrossense de Amadores em 1966 e 1968<\/em><\/strong> <em>(neste per\u00edodo n\u00e3o havia estadual, sendo substitu\u00eddos por estes Torneios Estaduais organizados pela FMD)<\/em>. Disputou o <strong><em>Campeonato Estadual Mato-grossense<\/em><\/strong> de 1975 (antes da divis\u00e3o do estado). Disputou quatro\u00a0<strong><em>campeonatos Sul-mato-grossense<\/em><\/strong> de 1995 at\u00e9 1998.<\/mark><\/p>\n\n\n\n<p><em><br \/><\/em><strong><mark style=\"background-color:rgba(0, 0, 0, 0);color:#cb1c1c\" class=\"has-inline-color\"><em>FONTES &amp; FOTO:<\/em><\/mark><\/strong><em><mark style=\"background-color:rgba(0, 0, 0, 0);color:#cb1c1c\" class=\"has-inline-color\"> Revista Placar &#8211; Correio de Corumb\u00e1<\/mark><\/em><\/p>\n","protected":false},"excerpt":{"rendered":"<p>A Associa\u00e7\u00e3o Beneficente Cultural e Recreativa dos Mar\u00edtimos foi uma agremia\u00e7\u00e3o da cidade de Corumb\u00e1 (MS). A sua Sede ficava localizada na Rua Treze de Junho, n\u00ba 1.519, no Centro da cidade de Corumb\u00e1. O clube Alvianil foi Fundado no s\u00e1bado, do dia 18 de Agosto de 1951. O seu mascote era o Marinheiro Popeye, [&hellip;]<\/p>\n","protected":false},"author":55,"featured_media":0,"comment_status":"open","ping_status":"closed","sticky":false,"template":"","format":"standard","meta":{"footnotes":""},"categories":[203,99,83,59,345,3,37,64],"tags":[],"class_list":["post-86472","post","type-post","status-publish","format-standard","hentry","category-sergio-mello","category-antonio-mario-ielo","category-x9-curiosidades","category-escudos","category-fotos-historicas","category-historia-do-futebol","category-mato-grosso","category-mt-grosso-dosul"],"_links":{"self":[{"href":"https:\/\/historiadofutebol.com\/blog\/index.php?rest_route=\/wp\/v2\/posts\/86472","targetHints":{"allow":["GET"]}}],"collection":[{"href":"https:\/\/historiadofutebol.com\/blog\/index.php?rest_route=\/wp\/v2\/posts"}],"about":[{"href":"https:\/\/historiadofutebol.com\/blog\/index.php?rest_route=\/wp\/v2\/types\/post"}],"author":[{"embeddable":true,"href":"https:\/\/historiadofutebol.com\/blog\/index.php?rest_route=\/wp\/v2\/users\/55"}],"replies":[{"embeddable":true,"href":"https:\/\/historiadofutebol.com\/blog\/index.php?rest_route=%2Fwp%2Fv2%2Fcomments&post=86472"}],"version-history":[{"count":3,"href":"https:\/\/historiadofutebol.com\/blog\/index.php?rest_route=\/wp\/v2\/posts\/86472\/revisions"}],"predecessor-version":[{"id":135486,"href":"https:\/\/historiadofutebol.com\/blog\/index.php?rest_route=\/wp\/v2\/posts\/86472\/revisions\/135486"}],"wp:attachment":[{"href":"https:\/\/historiadofutebol.com\/blog\/index.php?rest_route=%2Fwp%2Fv2%2Fmedia&parent=86472"}],"wp:term":[{"taxonomy":"category","embeddable":true,"href":"https:\/\/historiadofutebol.com\/blog\/index.php?rest_route=%2Fwp%2Fv2%2Fcategories&post=86472"},{"taxonomy":"post_tag","embeddable":true,"href":"https:\/\/historiadofutebol.com\/blog\/index.php?rest_route=%2Fwp%2Fv2%2Ftags&post=86472"}],"curies":[{"name":"wp","href":"https:\/\/api.w.org\/{rel}","templated":true}]}}