{"id":85668,"date":"2016-04-06T15:47:40","date_gmt":"2016-04-06T18:47:40","guid":{"rendered":"https:\/\/historiadofutebol.com\/blog\/?p=85668"},"modified":"2016-04-06T15:47:40","modified_gmt":"2016-04-06T18:47:40","slug":"foto-rara-de-1946-associacao-atletica-cambuquirense-cambuquira-mg","status":"publish","type":"post","link":"https:\/\/historiadofutebol.com\/blog\/?p=85668","title":{"rendered":"Foto Rara, de 1946: Associa\u00e7\u00e3o Atl\u00e9tica Cambuquirense &#8211; Cambuquira (MG)"},"content":{"rendered":"<p><img loading=\"lazy\" decoding=\"async\" class=\"aligncenter size-large wp-image-85670\" src=\"https:\/\/historiadofutebol.com\/blog\/wp-content\/uploads\/2016\/04\/03-AAC-500x350.jpg\" alt=\"\" width=\"500\" height=\"350\" srcset=\"https:\/\/historiadofutebol.com\/blog\/wp-content\/uploads\/2016\/04\/03-AAC-500x350.jpg 500w, https:\/\/historiadofutebol.com\/blog\/wp-content\/uploads\/2016\/04\/03-AAC-300x210.jpg 300w, https:\/\/historiadofutebol.com\/blog\/wp-content\/uploads\/2016\/04\/03-AAC.jpg 1022w\" sizes=\"auto, (max-width: 500px) 100vw, 500px\" \/><\/p>\n<p><img loading=\"lazy\" decoding=\"async\" class=\"aligncenter size-full wp-image-85669\" src=\"https:\/\/historiadofutebol.com\/blog\/wp-content\/uploads\/2016\/04\/03-AAC-1.jpg\" alt=\"\" width=\"2712\" height=\"1428\" srcset=\"https:\/\/historiadofutebol.com\/blog\/wp-content\/uploads\/2016\/04\/03-AAC-1.jpg 2712w, https:\/\/historiadofutebol.com\/blog\/wp-content\/uploads\/2016\/04\/03-AAC-1-300x157.jpg 300w, https:\/\/historiadofutebol.com\/blog\/wp-content\/uploads\/2016\/04\/03-AAC-1-500x263.jpg 500w\" sizes=\"auto, (max-width: 2712px) 100vw, 2712px\" \/><\/p>\n<p><strong><em><span style=\"text-decoration: underline\">FONTE<\/span><\/em><\/strong><strong><em>:<\/em><\/strong><em> Revista Sport Ilustrado<\/em><\/p>\n","protected":false},"excerpt":{"rendered":"<p>FONTE: Revista Sport Ilustrado<\/p>\n","protected":false},"author":55,"featured_media":0,"comment_status":"open","ping_status":"closed","sticky":false,"template":"","format":"standard","meta":{"footnotes":""},"categories":[203,83,59,345,3,39],"tags":[],"class_list":["post-85668","post","type-post","status-publish","format-standard","hentry","category-sergio-mello","category-x9-curiosidades","category-escudos","category-fotos-historicas","category-historia-do-futebol","category-minas-gerais"],"_links":{"self":[{"href":"https:\/\/historiadofutebol.com\/blog\/index.php?rest_route=\/wp\/v2\/posts\/85668","targetHints":{"allow":["GET"]}}],"collection":[{"href":"https:\/\/historiadofutebol.com\/blog\/index.php?rest_route=\/wp\/v2\/posts"}],"about":[{"href":"https:\/\/historiadofutebol.com\/blog\/index.php?rest_route=\/wp\/v2\/types\/post"}],"author":[{"embeddable":true,"href":"https:\/\/historiadofutebol.com\/blog\/index.php?rest_route=\/wp\/v2\/users\/55"}],"replies":[{"embeddable":true,"href":"https:\/\/historiadofutebol.com\/blog\/index.php?rest_route=%2Fwp%2Fv2%2Fcomments&post=85668"}],"version-history":[{"count":1,"href":"https:\/\/historiadofutebol.com\/blog\/index.php?rest_route=\/wp\/v2\/posts\/85668\/revisions"}],"predecessor-version":[{"id":85671,"href":"https:\/\/historiadofutebol.com\/blog\/index.php?rest_route=\/wp\/v2\/posts\/85668\/revisions\/85671"}],"wp:attachment":[{"href":"https:\/\/historiadofutebol.com\/blog\/index.php?rest_route=%2Fwp%2Fv2%2Fmedia&parent=85668"}],"wp:term":[{"taxonomy":"category","embeddable":true,"href":"https:\/\/historiadofutebol.com\/blog\/index.php?rest_route=%2Fwp%2Fv2%2Fcategories&post=85668"},{"taxonomy":"post_tag","embeddable":true,"href":"https:\/\/historiadofutebol.com\/blog\/index.php?rest_route=%2Fwp%2Fv2%2Ftags&post=85668"}],"curies":[{"name":"wp","href":"https:\/\/api.w.org\/{rel}","templated":true}]}}