{"id":84913,"date":"2016-03-31T20:46:15","date_gmt":"2016-03-31T23:46:15","guid":{"rendered":"https:\/\/historiadofutebol.com\/blog\/?p=84913"},"modified":"2016-03-31T20:46:15","modified_gmt":"2016-03-31T23:46:15","slug":"teresopolis-esporte-clube-teresopolis-rj-disputou-a-terceirona-de-2004","status":"publish","type":"post","link":"https:\/\/historiadofutebol.com\/blog\/?p=84913","title":{"rendered":"Teres\u00f3polis Esporte Clube &#8211; Teres\u00f3polis (RJ): Disputou a Terceirona de 2004"},"content":{"rendered":"<p><img loading=\"lazy\" decoding=\"async\" class=\"aligncenter size-large wp-image-84914\" src=\"https:\/\/historiadofutebol.com\/blog\/wp-content\/uploads\/2016\/03\/1281-500x347.jpg\" alt=\"\" width=\"500\" height=\"347\" srcset=\"https:\/\/historiadofutebol.com\/blog\/wp-content\/uploads\/2016\/03\/1281-500x347.jpg 500w, https:\/\/historiadofutebol.com\/blog\/wp-content\/uploads\/2016\/03\/1281-300x208.jpg 300w, https:\/\/historiadofutebol.com\/blog\/wp-content\/uploads\/2016\/03\/1281.jpg 1026w\" sizes=\"auto, (max-width: 500px) 100vw, 500px\" \/><\/p>\n<p>O <strong>Teres\u00f3polis Esporte Clube<\/strong>\u00a0\u00e9 uma agremia\u00e7\u00e3o da cidade de Teres\u00f3polis (RJ). O <strong><em>clube-empresa<\/em><\/strong> foi <strong>Fundado no dia 09 de Junho de 2003<\/strong>. A sua <strong><em>Sede<\/em><\/strong> est\u00e1 constitu\u00edda na <em>Rua Djalma Monteiro, n\u00ba 20, no Bairro Jardim Europa, em Teres\u00f3polis<\/em>. Importante n\u00e3o confundir esta agremia\u00e7\u00e3o com o centen\u00e1rio <strong><em>Teres\u00f3polis Futebol Clube<\/em><\/strong>, que disputa h\u00e1 mais tempo os campeonatos promovidos pela <strong><em>Federa\u00e7\u00e3o de Futebol do Estado do Rio de Janeiro (Ferj)<\/em><\/strong>.<\/p>\n<p>Estr\u00e9ia aconteceu em <strong><em>2004<\/em><\/strong>, no <strong><em>Campeonato Carioca da S\u00e9rie C<\/em><\/strong>, quando inclusive defronto o <strong><em>Teres\u00f3polis F.C.<\/em><\/strong>, perdendo as duas vezes. Fora de casa por 1 a 0, e em casa por 2 a 1. Acabou eliminado da 1\u00aa fase, ao ficar apenas em 3\u00ba em seu grupo, que classificou <strong><em>Teres\u00f3polis Futebol Clube<\/em><\/strong> e <strong><em>Rio Bonito Atl\u00e9tico Clube<\/em><\/strong>. Contudo, superou o 4\u00ba colocado <strong><em>Bela Vista Futebol Clube<\/em><\/strong> e o lanterna <strong><em>Faissal Futebol Clube<\/em><\/strong>.<\/p>\n<p>Em 2005, se licencia dos campeonatos de \u00e2mbito profissional, at\u00e9 ent\u00e3o n\u00e3o mais retornando. Costumou mandar as suas partidas no est\u00e1dio \u00cdtalo del Cima, pertencente ao Campo Grande Atl\u00e9tico Clube.<\/p>\n<p><img loading=\"lazy\" decoding=\"async\" class=\"aligncenter size-large wp-image-84915\" src=\"https:\/\/historiadofutebol.com\/blog\/wp-content\/uploads\/2016\/03\/1342-281x500.jpg\" alt=\"\" width=\"281\" height=\"500\" srcset=\"https:\/\/historiadofutebol.com\/blog\/wp-content\/uploads\/2016\/03\/1342-281x500.jpg 281w, https:\/\/historiadofutebol.com\/blog\/wp-content\/uploads\/2016\/03\/1342-168x300.jpg 168w, https:\/\/historiadofutebol.com\/blog\/wp-content\/uploads\/2016\/03\/1342.jpg 585w\" sizes=\"auto, (max-width: 281px) 100vw, 281px\" \/><\/p>\n<p><strong><em>FONTES:<\/em><\/strong><em> Wikip\u00e9dia &#8211; Andr\u00e9 Luiz Pereira Nunes<\/em><\/p>\n","protected":false},"excerpt":{"rendered":"<p>O Teres\u00f3polis Esporte Clube\u00a0\u00e9 uma agremia\u00e7\u00e3o da cidade de Teres\u00f3polis (RJ). O clube-empresa foi Fundado no dia 09 de Junho de 2003. A sua Sede est\u00e1 constitu\u00edda na Rua Djalma Monteiro, n\u00ba 20, no Bairro Jardim Europa, em Teres\u00f3polis. Importante n\u00e3o confundir esta agremia\u00e7\u00e3o com o centen\u00e1rio Teres\u00f3polis Futebol Clube, que disputa h\u00e1 mais tempo [&hellip;]<\/p>\n","protected":false},"author":55,"featured_media":0,"comment_status":"open","ping_status":"closed","sticky":false,"template":"","format":"standard","meta":{"footnotes":""},"categories":[203,59,3,47],"tags":[],"class_list":["post-84913","post","type-post","status-publish","format-standard","hentry","category-sergio-mello","category-escudos","category-historia-do-futebol","category-rio-de-janeiro"],"_links":{"self":[{"href":"https:\/\/historiadofutebol.com\/blog\/index.php?rest_route=\/wp\/v2\/posts\/84913","targetHints":{"allow":["GET"]}}],"collection":[{"href":"https:\/\/historiadofutebol.com\/blog\/index.php?rest_route=\/wp\/v2\/posts"}],"about":[{"href":"https:\/\/historiadofutebol.com\/blog\/index.php?rest_route=\/wp\/v2\/types\/post"}],"author":[{"embeddable":true,"href":"https:\/\/historiadofutebol.com\/blog\/index.php?rest_route=\/wp\/v2\/users\/55"}],"replies":[{"embeddable":true,"href":"https:\/\/historiadofutebol.com\/blog\/index.php?rest_route=%2Fwp%2Fv2%2Fcomments&post=84913"}],"version-history":[{"count":1,"href":"https:\/\/historiadofutebol.com\/blog\/index.php?rest_route=\/wp\/v2\/posts\/84913\/revisions"}],"predecessor-version":[{"id":84916,"href":"https:\/\/historiadofutebol.com\/blog\/index.php?rest_route=\/wp\/v2\/posts\/84913\/revisions\/84916"}],"wp:attachment":[{"href":"https:\/\/historiadofutebol.com\/blog\/index.php?rest_route=%2Fwp%2Fv2%2Fmedia&parent=84913"}],"wp:term":[{"taxonomy":"category","embeddable":true,"href":"https:\/\/historiadofutebol.com\/blog\/index.php?rest_route=%2Fwp%2Fv2%2Fcategories&post=84913"},{"taxonomy":"post_tag","embeddable":true,"href":"https:\/\/historiadofutebol.com\/blog\/index.php?rest_route=%2Fwp%2Fv2%2Ftags&post=84913"}],"curies":[{"name":"wp","href":"https:\/\/api.w.org\/{rel}","templated":true}]}}