{"id":84904,"date":"2016-03-31T18:41:24","date_gmt":"2016-03-31T21:41:24","guid":{"rendered":"https:\/\/historiadofutebol.com\/blog\/?p=84904"},"modified":"2016-03-31T18:51:11","modified_gmt":"2016-03-31T21:51:11","slug":"fazenda-futebol-clube-sao-joao-de-meriti-rj-escudo-dos-anos-70-80","status":"publish","type":"post","link":"https:\/\/historiadofutebol.com\/blog\/?p=84904","title":{"rendered":"Fazenda Futebol Clube &#8211; S\u00e3o Jo\u00e3o de Meriti (RJ): Escudo dos anos 70-80"},"content":{"rendered":"<p><img loading=\"lazy\" decoding=\"async\" class=\"aligncenter size-large wp-image-84905\" src=\"https:\/\/historiadofutebol.com\/blog\/wp-content\/uploads\/2016\/03\/1280-500x352.jpg\" alt=\"\" width=\"500\" height=\"352\" srcset=\"https:\/\/historiadofutebol.com\/blog\/wp-content\/uploads\/2016\/03\/1280-500x352.jpg 500w, https:\/\/historiadofutebol.com\/blog\/wp-content\/uploads\/2016\/03\/1280-300x211.jpg 300w, https:\/\/historiadofutebol.com\/blog\/wp-content\/uploads\/2016\/03\/1280.jpg 1012w\" sizes=\"auto, (max-width: 500px) 100vw, 500px\" \/><\/p>\n<p>O <strong>Fazenda Futebol Clube<\/strong> \u00e9 uma agremia\u00e7\u00e3o da cidade de S\u00e3o Jo\u00e3o de Meriti (RJ). O <strong><em>Alvinegro da Vila Rosali<\/em><\/strong> foi <strong>Fundado no dia 02 de Janeiro de 1931<\/strong>, tem a sua <strong><em>Sede<\/em><\/strong> e o <strong><em>Est\u00e1dio Jos\u00e9 da Costa Fran\u00e7a<\/em><\/strong> localizados na<strong> Avenida Pernambucana, 2.240, no Jardim Meriti, em S\u00e3o Jo\u00e3o de Meriti.<\/strong><\/p>\n<p>O <strong>Fazenda <\/strong>participou de diversos campeonatos promovidos pela <strong><em>Liga de Desportos de S\u00e3o Jo\u00e3o de Meriti<\/em><\/strong>, e notadamente, como time profissional, do <strong><em>Campeonato Estadual Fluminense de 1957<\/em><\/strong>, quando perdeu o t\u00edtulo da 3\u00aa Zona, a da Baixada Fluminense, para o <strong><em>Nacional Foot-Ball Club<\/em><\/strong>, de Duque de Caxias.<\/p>\n<p><img loading=\"lazy\" decoding=\"async\" class=\"aligncenter size-large wp-image-84906\" src=\"https:\/\/historiadofutebol.com\/blog\/wp-content\/uploads\/2016\/03\/1341-281x500.jpg\" alt=\"\" width=\"281\" height=\"500\" srcset=\"https:\/\/historiadofutebol.com\/blog\/wp-content\/uploads\/2016\/03\/1341-281x500.jpg 281w, https:\/\/historiadofutebol.com\/blog\/wp-content\/uploads\/2016\/03\/1341-168x300.jpg 168w, https:\/\/historiadofutebol.com\/blog\/wp-content\/uploads\/2016\/03\/1341.jpg 585w\" sizes=\"auto, (max-width: 281px) 100vw, 281px\" \/><\/p>\n<p>Ap\u00f3s a fus\u00e3o dos antigos estados do Rio de Janeiro e Guanabara, o <strong>Fazenda<\/strong> n\u00e3o acompanhou os passos dos tradicionais correligion\u00e1rios de sua cidade, o <strong><em>Tomazinho Futebol Clube<\/em><\/strong> e o <strong><em>Uni\u00e3o Esportiva Coelho da Rocha<\/em><\/strong>, que se tornaram profissionais, preferindo continuar na disputa dos campeonatos amadores locais, o que vem ocorrendo at\u00e9 os dias atuais. Entre os seus diversos t\u00edtulos, foi campe\u00e3o meritiense em 1985 e 1987.<\/p>\n<p>Em 1989, perde a final da <strong><em>Copa da Baixada<\/em><\/strong> para o <strong><em>Queimados Futebol Clube<\/em><\/strong>. Naquela ocasi\u00e3o quatro equipes de S\u00e3o Jo\u00e3o de Meriti se uniram a outras quatro de Nova Igua\u00e7u para a disputa daquele torneio. Em 2003, sagra-se vice-campe\u00e3o da <strong><em>Liga Independente de S\u00e3o Jo\u00e3o de Meriti<\/em><\/strong>, categoria Sub-35, ao perder a final para o <strong><em>\u00c9den Futebol Clube<\/em><\/strong>.<\/p>\n<div style=\"width: 1610px\" class=\"wp-caption aligncenter\"><img loading=\"lazy\" decoding=\"async\" class=\"size-full wp-image-84907\" src=\"https:\/\/historiadofutebol.com\/blog\/wp-content\/uploads\/2016\/03\/Fazenda_campeao_em_87.jpg\" alt=\"\" width=\"1600\" height=\"1200\" srcset=\"https:\/\/historiadofutebol.com\/blog\/wp-content\/uploads\/2016\/03\/Fazenda_campeao_em_87.jpg 1600w, https:\/\/historiadofutebol.com\/blog\/wp-content\/uploads\/2016\/03\/Fazenda_campeao_em_87-300x225.jpg 300w, https:\/\/historiadofutebol.com\/blog\/wp-content\/uploads\/2016\/03\/Fazenda_campeao_em_87-500x375.jpg 500w\" sizes=\"auto, (max-width: 1600px) 100vw, 1600px\" \/><p class=\"wp-caption-text\">Campe\u00e3o Meritiense de 1987<\/p><\/div>\n<p><span style=\"text-decoration: underline\"><strong>T\u00cdTULOS<\/strong><\/span><\/p>\n<p><em>1985 &#8211; Campe\u00e3o da Liga Desportiva de S\u00e3o Jo\u00e3o de Meriti (Adultos);<\/em><\/p>\n<p><em>1987 &#8211; Campe\u00e3o da Liga Desportiva de S\u00e3o Jo\u00e3o de Meriti (Adultos);<\/em><\/p>\n<p><em>1987 &#8211; Campe\u00e3o da Ta\u00e7a Cidade de S\u00e3o Jo\u00e3o de Meriti;<\/em><\/p>\n<p><em>1989 &#8211; Vice-campe\u00e3o da Copa da Baixada;<\/em><\/p>\n<p><em>2003 &#8211; Vice-campe\u00e3o da Liga Independente de S\u00e3o Jo\u00e3o de Meriti (Sub-35);<\/em><\/p>\n<p><em>2009 &#8211; Vice-campe\u00e3o da Liga Independente de S\u00e3o Jo\u00e3o de Meriti (Adultos);<\/em><\/p>\n<p><em>2011 &#8211; Campe\u00e3o da Liga Independente de S\u00e3o Jo\u00e3o de Meriti (Sub-35);<\/em><\/p>\n<p><em>2013 &#8211; Campe\u00e3o da Liga Independente de S\u00e3o Jo\u00e3o de Meriti (Sub-35);<\/em><\/p>\n<p>&nbsp;<\/p>\n<p><strong><em><span style=\"text-decoration: underline\">FONTES<\/span>:<\/em><\/strong><em> Wikip\u00e9dia &#8211; Andr\u00e9 Luiz Pereira Nunes\u00a0<\/em><\/p>\n","protected":false},"excerpt":{"rendered":"<p>O Fazenda Futebol Clube \u00e9 uma agremia\u00e7\u00e3o da cidade de S\u00e3o Jo\u00e3o de Meriti (RJ). O Alvinegro da Vila Rosali foi Fundado no dia 02 de Janeiro de 1931, tem a sua Sede e o Est\u00e1dio Jos\u00e9 da Costa Fran\u00e7a localizados na Avenida Pernambucana, 2.240, no Jardim Meriti, em S\u00e3o Jo\u00e3o de Meriti. O Fazenda [&hellip;]<\/p>\n","protected":false},"author":55,"featured_media":0,"comment_status":"open","ping_status":"closed","sticky":false,"template":"","format":"standard","meta":{"footnotes":""},"categories":[203,83,59,345,3,47],"tags":[],"class_list":["post-84904","post","type-post","status-publish","format-standard","hentry","category-sergio-mello","category-x9-curiosidades","category-escudos","category-fotos-historicas","category-historia-do-futebol","category-rio-de-janeiro"],"_links":{"self":[{"href":"https:\/\/historiadofutebol.com\/blog\/index.php?rest_route=\/wp\/v2\/posts\/84904","targetHints":{"allow":["GET"]}}],"collection":[{"href":"https:\/\/historiadofutebol.com\/blog\/index.php?rest_route=\/wp\/v2\/posts"}],"about":[{"href":"https:\/\/historiadofutebol.com\/blog\/index.php?rest_route=\/wp\/v2\/types\/post"}],"author":[{"embeddable":true,"href":"https:\/\/historiadofutebol.com\/blog\/index.php?rest_route=\/wp\/v2\/users\/55"}],"replies":[{"embeddable":true,"href":"https:\/\/historiadofutebol.com\/blog\/index.php?rest_route=%2Fwp%2Fv2%2Fcomments&post=84904"}],"version-history":[{"count":5,"href":"https:\/\/historiadofutebol.com\/blog\/index.php?rest_route=\/wp\/v2\/posts\/84904\/revisions"}],"predecessor-version":[{"id":84912,"href":"https:\/\/historiadofutebol.com\/blog\/index.php?rest_route=\/wp\/v2\/posts\/84904\/revisions\/84912"}],"wp:attachment":[{"href":"https:\/\/historiadofutebol.com\/blog\/index.php?rest_route=%2Fwp%2Fv2%2Fmedia&parent=84904"}],"wp:term":[{"taxonomy":"category","embeddable":true,"href":"https:\/\/historiadofutebol.com\/blog\/index.php?rest_route=%2Fwp%2Fv2%2Fcategories&post=84904"},{"taxonomy":"post_tag","embeddable":true,"href":"https:\/\/historiadofutebol.com\/blog\/index.php?rest_route=%2Fwp%2Fv2%2Ftags&post=84904"}],"curies":[{"name":"wp","href":"https:\/\/api.w.org\/{rel}","templated":true}]}}